[{"@context":"https:\/\/schema.org\/","@type":"Article","@id":"https:\/\/www.awebio.cz\/az-se-leto-zepta\/#Article","mainEntityOfPage":"https:\/\/www.awebio.cz\/az-se-leto-zepta\/","headline":"A\u017e se l\u00e9to zept\u00e1","name":"A\u017e se l\u00e9to zept\u00e1","description":"L\u00e9to se d\u00e1 tr\u00e1vit v\u0161elijak a leckde. Ov\u0161em tr\u00e1v\u00ed-li ho jeden jako naschv\u00e1l cel\u00e9 v pr\u00e1ci, rozhodn\u011b se o n\u011bm ned\u00e1 mluvit jako o \u0161\u0165astlivci. Proto\u017ee l\u00e9to str\u00e1ven\u00e9 na pracovi\u0161ti sice nen\u00ed promrhan\u00fdm \u010dasem, ale p\u0159ece jenom to nen\u00ed ono. Proto\u017ee pak logicky vyjde dovolen\u00e1 na jinou dobu, je\u017e ani zdaleka tolik p\u016fvab\u016f jako pr\u00e1v\u011b [&hellip;]","datePublished":"2018-12-10","dateModified":"2018-12-10","author":{"@type":"Person","@id":"https:\/\/www.awebio.cz\/author\/#Person","name":"","url":"https:\/\/www.awebio.cz\/author\/","identifier":1,"image":{"@type":"ImageObject","@id":"https:\/\/secure.gravatar.com\/avatar\/04053961f5a3d2af1f56d865c7fc774bb6a80b9754b2f4c57fa4f8cefa253bd4?s=96&d=mm&r=g","url":"https:\/\/secure.gravatar.com\/avatar\/04053961f5a3d2af1f56d865c7fc774bb6a80b9754b2f4c57fa4f8cefa253bd4?s=96&d=mm&r=g","height":96,"width":96}},"publisher":{"@type":"Organization","name":"awebio.cz","logo":{"@type":"ImageObject","@id":"\/logo.png","url":"\/logo.png","width":600,"height":60}},"image":{"@type":"ImageObject","@id":"https:\/\/www.awebio.cz\/wp-content\/uploads\/img_a332776_w2744_t1545854515.jpg","url":"https:\/\/www.awebio.cz\/wp-content\/uploads\/img_a332776_w2744_t1545854515.jpg","height":0,"width":0},"url":"https:\/\/www.awebio.cz\/az-se-leto-zepta\/","wordCount":489,"articleBody":"L\u00e9to se d\u00e1 tr\u00e1vit v\u0161elijak a leckde. Ov\u0161em tr\u00e1v\u00ed-li ho jeden jako naschv\u00e1l cel\u00e9 v pr\u00e1ci, rozhodn\u011b se o n\u011bm ned\u00e1 mluvit jako o \u0161\u0165astlivci. Proto\u017ee l\u00e9to str\u00e1ven\u00e9 na pracovi\u0161ti sice nen\u00ed promrhan\u00fdm \u010dasem, ale p\u0159ece jenom to nen\u00ed ono. Proto\u017ee pak logicky vyjde dovolen\u00e1 na jinou dobu, je\u017e ani zdaleka tolik p\u016fvab\u016f jako pr\u00e1v\u011b l\u00e9to nem\u00edv\u00e1. Je u\u017e vcelku obvykl\u00e9, \u017ee na\u0161inci m\u00ed\u0159\u00ed v l\u00e9t\u011b na pl\u00e1\u017e. A nem\u00e9n\u011b je obvykl\u00e9, \u017ee u\u017e se tato pl\u00e1\u017e nemus\u00ed nach\u00e1zet jenom v na\u0161\u00ed domovin\u011b. \u017de se st\u00e1le \u010dast\u011bji vyd\u00e1v\u00e1me n\u011bkam do zahrani\u010d\u00ed, vesm\u011bs n\u011bkam, kde maj\u00ed p\u0159ece jenom rozlehlej\u0161\u00ed vodn\u00ed plochy a nesrovnateln\u011b v\u011bt\u0161\u00ed pl\u00e1\u017ee. Prost\u011b proto, \u017ee n\u00e1m takov\u00e1 m\u00edsta mohou \u010dasto nab\u00eddnout v\u00edc ne\u017e okol\u00ed na\u0161ich p\u0159ehrad a rybn\u00edk\u016f, p\u0159\u00edpadn\u011b soukrom\u00fdch baz\u00e9n\u016f. Nejeden z na\u0161inc\u016f m\u00ed\u0159\u00ed v l\u00e9t\u011b za teplem na Jadran. T\u0159eba do u\u017e velice dob\u0159e zn\u00e1m\u00e9ho Bibione, letoviska, kter\u00e9 se prvn\u00edch hotel\u016f do\u010dkalo p\u0159ekvapiv\u011b nikoliv za hodn\u011b d\u00e1vn\u00fdch dob, ale a\u017e v osmdes\u00e1t\u00fdch letech, kdy zde vzaly teprve za sv\u00e9 mo\u010d\u00e1ly pln\u00e9 kom\u00e1r\u016f, v nich\u017e by se nikdo ur\u010dit\u011b rekreovat necht\u011bl. Bibione  se tak stalo turistick\u00fdm r\u00e1jem vcelku ned\u00e1vno. A je j\u00edm doposud, t\u0159eba d\u00edky vcelku n\u00edzk\u00fdm cen\u00e1m, atraktivn\u00edm pro mnoh\u00e9 Evropany. Dnes je Bibione nevelk\u00e9 m\u011bste\u010dko s vilkami v kvetouc\u00edch zahrad\u00e1ch i vysok\u00fdmi domy, s ru\u0161n\u00fdmi ulicemi pln\u00fdmi obchod\u016f i h\u00e1ji pln\u00fdmi naopak klidu, s \u010distou dlouhou a \u0161irokou p\u00eds\u010ditou pl\u00e1\u017e\u00ed a stejn\u011b \u010dist\u00fdm m\u011blk\u00fdm a m\u00edrn\u00fdm mo\u0159em. Je to m\u00edsto vhodn\u00e9 k vych\u00e1zk\u00e1m i l\u00e1zn\u011bn\u00ed se v term\u00e1ln\u00edch l\u00e1zn\u00edch s bahenn\u00ed i vodn\u00ed terapi\u00ed a dal\u0161\u00edmi vymo\u017eenostmi, a pokud by to snad jednoho nakonec omrzelo, d\u00e1 se odsud hrav\u011b dostat t\u0159eba i do Ben\u00e1tek, Terstu, Verony a dal\u0161\u00edch turisticky atraktivn\u00edch m\u00edst. \u010clov\u011bk se tu m\u016f\u017ee \u010dvachtat nebo se nechat vozit lod\u00ed lagunami i kolem ben\u00e1tsk\u00fdch ostrov\u016f, daj\u00ed se tu nav\u0161t\u011bvovat n\u011bjak\u00e9 ty v\u00fdznamn\u00e9 historick\u00e9 pam\u00e1tky,\u2026 Bibione je prost\u011b Bibione. Co\u017e v\u00ed v\u0161ichni, kdo tam kdy byli. A co vy? U\u017e jste toto m\u00edsto nav\u0161t\u00edvili? \u017de ne? Pak rozhodn\u011b nev\u00e1hejte. Rozhoupejte se k cest\u011b tam nejl\u00e9pe ji\u017e dnes. Abyste byli p\u0159ipraveni, a\u017e se l\u00e9to zept\u00e1, co jste d\u011blali v zim\u011b. Abyste se pak nemuseli provinile p\u0159izn\u00e1vat, \u017ee v zim\u011b jste p\u0159ece stihli jenom pro\u0161vihnout takovouto p\u0159\u00edle\u017eitost.                                                                                                                                                                                                                                                                                                                                                                                                "},{"@context":"https:\/\/schema.org\/","@type":"BreadcrumbList","itemListElement":[{"@type":"ListItem","position":1,"name":"A\u017e se l\u00e9to zept\u00e1","item":"https:\/\/www.awebio.cz\/az-se-leto-zepta\/#breadcrumbitem"}]}]