[{"@context":"https:\/\/schema.org\/","@type":"Article","@id":"https:\/\/www.awebio.cz\/co-letos-pofrci\/#Article","mainEntityOfPage":"https:\/\/www.awebio.cz\/co-letos-pofrci\/","headline":"Co letos pofr\u010d\u00ed?","name":"Co letos pofr\u010d\u00ed?","description":"M\u00f3dn\u00ed trendy leto\u0161n\u00edho l\u00e9ta p\u0159in\u00e1\u0161\u00ed do \u0161atn\u00edk\u016f \u017een mnoho novinek. Kter\u00e9 v\u00edtaj\u00ed p\u0159edev\u0161\u00edm mlad\u0161\u00ed ro\u010dn\u00edky. N\u00e1vrat v d\u017e\u00ednovin\u011b v jak\u00e9koliv podob\u011b ur\u010dit\u011b pot\u011b\u0161\u00ed\u00a0v\u0161echny sportovn\u011b zalo\u017een\u00e9 \u017eeny. A\u0165 u\u017e to jsou \u0161aty, bokovky, kr\u00e1tk\u00e9 sukn\u011b, topy \u010di dopl\u0148uj\u00edc\u00ed\u00a0kabelky. Velk\u00fd d\u016fraz je kladen na propracovan\u00e9 detaily a tak je hodn\u011b vyu\u017e\u00edv\u00e1n upcykling, kter\u00fdm lze dos\u00e1hnout po\u017eadovan\u00e9 asymetrie. [&hellip;]","datePublished":"2022-11-10","dateModified":"2023-07-10","author":{"@type":"Person","@id":"https:\/\/www.awebio.cz\/author\/#Person","name":"","url":"https:\/\/www.awebio.cz\/author\/","identifier":1,"image":{"@type":"ImageObject","@id":"https:\/\/secure.gravatar.com\/avatar\/04053961f5a3d2af1f56d865c7fc774bb6a80b9754b2f4c57fa4f8cefa253bd4?s=96&d=mm&r=g","url":"https:\/\/secure.gravatar.com\/avatar\/04053961f5a3d2af1f56d865c7fc774bb6a80b9754b2f4c57fa4f8cefa253bd4?s=96&d=mm&r=g","height":96,"width":96}},"publisher":{"@type":"Organization","name":"awebio.cz","logo":{"@type":"ImageObject","@id":"\/logo.png","url":"\/logo.png","width":600,"height":60}},"image":{"@type":"ImageObject","@id":"https:\/\/www.awebio.cz\/wp-content\/uploads\/valeria-andersson-ANbmWDVwkGs-unsplash_1.jpg","url":"https:\/\/www.awebio.cz\/wp-content\/uploads\/valeria-andersson-ANbmWDVwkGs-unsplash_1.jpg","height":0,"width":0},"url":"https:\/\/www.awebio.cz\/co-letos-pofrci\/","about":["M\u00f3da"],"wordCount":438,"articleBody":"M\u00f3dn\u00ed trendy leto\u0161n\u00edho l\u00e9ta p\u0159in\u00e1\u0161\u00ed do \u0161atn\u00edk\u016f \u017een mnoho novinek. Kter\u00e9 v\u00edtaj\u00ed p\u0159edev\u0161\u00edm mlad\u0161\u00ed ro\u010dn\u00edky. N\u00e1vrat v d\u017e\u00ednovin\u011b v jak\u00e9koliv podob\u011b ur\u010dit\u011b pot\u011b\u0161\u00ed\u00a0v\u0161echny sportovn\u011b zalo\u017een\u00e9 \u017eeny. A\u0165 u\u017e to jsou \u0161aty, bokovky, kr\u00e1tk\u00e9 sukn\u011b, topy \u010di dopl\u0148uj\u00edc\u00ed\u00a0kabelky. Velk\u00fd d\u016fraz je kladen na propracovan\u00e9 detaily a tak je hodn\u011b vyu\u017e\u00edv\u00e1n upcykling, kter\u00fdm lze dos\u00e1hnout po\u017eadovan\u00e9 asymetrie. Co\u017e p\u0159iv\u00edtaj\u00ed i zral\u00e9 \u017eeny, pro kter\u00e9 je denim rovn\u011b\u017e\u00a0vhodn\u00fdm materi\u00e1lem. Mnohdy sta\u010d\u00ed klobouk \u010di bunda, kterou lze vyu\u017e\u00edt k ve\u010dern\u00edmu posezen\u00ed s p\u0159\u00e1teli. Dal\u0161\u00edm trendem je vyu\u017eit\u00ed pr\u016fhledn\u00fdch materi\u00e1l\u016f ve spojen\u00ed s le\u017e\u00e9rn\u00edmi st\u0159ihy ka\u017edodenn\u00edho letn\u00edho oble\u010den\u00ed. Transparentn\u00ed mohou b\u00fdt nejen \u0161aty, ale rovn\u011b\u017e slou\u017e\u00ed jako dopln\u011bk k plavk\u00e1m o dovolen\u00e9. A \u010d\u00e1ste\u010dn\u011b zakr\u00fdt to, co m\u00e1 z\u016fstat pro okol\u00ed\u00a0neviditeln\u00e9.Plastick\u00e9 kv\u011btiny se letos objevuj\u00ed na mnoha sou\u010d\u00e1stech letn\u00edho \u0161atn\u00edku jak d\u00edvek, tak romantick\u00fdch \u017een. Poti\u0161t\u011bny jimi b\u00fdvaj\u00ed nejen \u0161aty, t\u00edlka, \u0161\u00e1tky, halenky. Ale tento vzor se objevil i na n\u00e1ramc\u00edch, n\u00e1u\u0161nic\u00edch \u010di kabelk\u00e1ch. Dokonce si lze po\u0159\u00eddit ve stejn\u00e9m designu i lodi\u010dky. Potiskem 3D kv\u011btinami\u00a0\u00a0je mo\u017en\u00e9 vyzdobit i \u0161irok\u00e9 opasky. A dodat letn\u00edmu oble\u010den\u00ed, kter\u00e9 u\u017e nepat\u0159\u00ed mezi nejm\u00f3dn\u011bj\u0161\u00ed kousek, ten spr\u00e1vn\u00fd styl. N\u011bkdy opravdu sta\u010d\u00ed drobn\u00fd detail a oble\u010den\u00ed se r\u00e1zem stane st\u0159edem pozornosti. A majitelce p\u0159inese radost z dob\u0159e zvolen\u00e9ho dopl\u0148ku. Bez velk\u00fdch finan\u010dn\u00edch n\u00e1klad\u016f.Barevnost pro leto\u0161ek vyhr\u00e1la z\u00e1\u0159iv\u011b zelen\u00e1. Ve v\u0161ech odst\u00ednech. Od neonov\u00e9 a\u017e po hr\u00e1\u0161kovou. Prvn\u00ed modely provedeny v t\u011bchto val\u00e9rech\u00a0se objevily na m\u00f3dn\u00edch p\u0159ehl\u00eddk\u00e1ch u\u017e na konci jara. A vypad\u00e1 to, \u017ee mnoho \u017een podlehlo jejich\u00a0kouzlu. Tak\u017ee v\u0161echny odv\u00e1\u017en\u00e9 \u017eeny by m\u011bly vyrazit do letn\u00edch ulic v \u0161atech barvy zelen\u00e9. A pro ty, kter\u00e9 si na ni je\u0161t\u011b netroufaj\u00ed, je mo\u017en\u00e9 v t\u00e9to barv\u011b zvolit alespo\u0148 minimalistick\u00e9 dopl\u0148ky \u010di topy. Dal\u0161\u00edm prvkem, kter\u00fd v\u00edtaj\u00ed v\u0161echny kategorie \u017een, jsou pohodln\u00e9 cargo kalhoty s kapsami. Kter\u00e9 mnohdy nahrad\u00ed kabelku.\u00a0Barevnost si u\u017e zvol\u00ed ka\u017ed\u00e1 dle vlastn\u00edho vkusu. A doplnit se daj\u00ed t\u00edlkem a pohodlnou obuv\u00ed. \u010ci na ve\u010der lodi\u010dkami.                                                                                                                                                                                                                                                                                                                                                                                                "},{"@context":"https:\/\/schema.org\/","@type":"BreadcrumbList","itemListElement":[{"@type":"ListItem","position":1,"name":"Co letos pofr\u010d\u00ed?","item":"https:\/\/www.awebio.cz\/co-letos-pofrci\/#breadcrumbitem"}]}]