[{"@context":"https:\/\/schema.org\/","@type":"Article","@id":"https:\/\/www.awebio.cz\/je-vam-zima\/#Article","mainEntityOfPage":"https:\/\/www.awebio.cz\/je-vam-zima\/","headline":"Je v\u00e1m zima?","name":"Je v\u00e1m zima?","description":"Tepeln\u00fd komfort je d\u016fle\u017eit\u00fd Sice se \u010cesk\u00e1 republika nach\u00e1z\u00ed v m\u00edrn\u00e9m podnebn\u00e9m p\u00e1su, ov\u0161em posledn\u00ed roky se m\u016f\u017eeme setkat s t\u00edm, \u017ee venkovn\u00ed teploty \u010dasto atakuj\u00ed 40 stup\u0148\u016f ve st\u00ednu. Na takov\u00e1 horka u n\u00e1s nejsme zvykl\u00ed, a tak je jasn\u00e9, \u017ee s nimi budeme bojovat jak se d\u00e1. Probl\u00e9my zvl\u00e1dat vysok\u00e9 teploty maj\u00ed hlavn\u011b [&hellip;]","datePublished":"2024-03-19","dateModified":"2024-03-19","author":{"@type":"Person","@id":"https:\/\/www.awebio.cz\/author\/#Person","name":"","url":"https:\/\/www.awebio.cz\/author\/","identifier":1,"image":{"@type":"ImageObject","@id":"https:\/\/secure.gravatar.com\/avatar\/04053961f5a3d2af1f56d865c7fc774bb6a80b9754b2f4c57fa4f8cefa253bd4?s=96&d=mm&r=g","url":"https:\/\/secure.gravatar.com\/avatar\/04053961f5a3d2af1f56d865c7fc774bb6a80b9754b2f4c57fa4f8cefa253bd4?s=96&d=mm&r=g","height":96,"width":96}},"publisher":{"@type":"Organization","name":"awebio.cz","logo":{"@type":"ImageObject","@id":"\/logo.png","url":"\/logo.png","width":600,"height":60}},"image":{"@type":"ImageObject","@id":"https:\/\/www.awebio.cz\/wp-content\/uploads\/roof-truss-3339206_640_1.jpg","url":"https:\/\/www.awebio.cz\/wp-content\/uploads\/roof-truss-3339206_640_1.jpg","height":0,"width":0},"url":"https:\/\/www.awebio.cz\/je-vam-zima\/","about":["Produkty"],"wordCount":400,"articleBody":"        Tepeln\u00fd komfort je d\u016fle\u017eit\u00fd Sice se \u010cesk\u00e1 republika nach\u00e1z\u00ed v m\u00edrn\u00e9m podnebn\u00e9m p\u00e1su, ov\u0161em posledn\u00ed roky se m\u016f\u017eeme setkat s t\u00edm, \u017ee venkovn\u00ed teploty \u010dasto atakuj\u00ed 40 stup\u0148\u016f ve st\u00ednu. Na takov\u00e1 horka u n\u00e1s nejsme zvykl\u00ed, a tak je jasn\u00e9, \u017ee s nimi budeme bojovat jak se d\u00e1. Probl\u00e9my zvl\u00e1dat vysok\u00e9 teploty maj\u00ed hlavn\u011b lid\u00e9 v bytech, kte\u0159\u00ed v\u011bt\u0161inou nemaj\u00ed jinou mo\u017enost ne\u017e zav\u0159\u00edt okna a pustit v\u011btr\u00e1k. Pokud je to umo\u017en\u011bno, mohou si lid\u00e9 nejen do bytu ale i do domu nechat nainstalovat klimatizaci, co\u017e m\u016f\u017ee b\u00fdt dobr\u00e9 \u0159e\u0161en\u00ed ale jen potud, pokud s n\u00ed lid\u00e9 um\u00ed zach\u00e1zet. Mnoho u\u017eivatel\u00e9 klimatizace si zvyklo \u017ee ji st\u00e1hnou na minimum a doma maj\u00ed jako v rmraz\u00e1ku, co\u017e zp\u016fsobuje ang\u00edny i v l\u00e9t\u011b.Zv\u00fd\u0161en\u00ed pohody bydlen\u00ed b\u011bhem l\u00e9ta v\u00e1m m\u016f\u017ee p\u0159in\u00e9st i kvalitn\u00ed izolace st\u0159echy. Mnoho majitel\u016f dom\u016f podce\u0148uje zateplen\u00ed, co\u017e tak\u00e9 zp\u016fsobuje nejen v zim\u011b \u00fanik tepla ven, ale i v l\u00e9t\u011b p\u0159\u00edli\u0161n\u00e9 zah\u0159\u00edv\u00e1n\u00ed budovy. I proto je pot\u0159eba m\u00edt zateplenou nejen fas\u00e1du. P\u0159ed zateplen\u00edm st\u0159echy je pot\u0159eba si vybrat, zda budete cht\u00edt klasick\u00e9 zateplen\u00ed vatou, a nebo d\u00e1te p\u0159ednost foukan\u00e9 izolaci. Pr\u00e1v foukan\u00e1 izolace je posledn\u00ed roky velice \u017e\u00e1dan\u00e1, proto\u017ee pr\u00e1ce s n\u00ed je rychlej\u0161\u00ed, \u010dist\u011bj\u0161\u00ed, a jej\u00ed izola\u010dn\u00ed vlastnosti jsou na velmi dobr\u00e9 \u00farovni. Pokud zva\u017eujete jakou izolaci si nechat ud\u011blat, obra\u0165te se na n\u00e1s. Na\u0161\u00ed specializac\u00ed je foukan\u00e1 izolace ve Zl\u00edn\u011b https:\/\/www.stavby-basel.cz\/, ale i jinde po republice. Jsme specialist\u00e9 na zateplovac\u00ed syst\u00e9my, tak\u017ee pokud u\u017e m\u00e1te dost toho \u017ee je v\u00e1m doma v zim\u011b opravdu zima a v l\u00e9t\u011b zase trp\u00edte horkem, je \u010das si nechat zateplit nejen st\u0159echu. Velkou v\u00fdhodou je, \u017ee m\u016f\u017eete \u010derpat dotace na zateplen\u00ed. Je t\u0159eba splnit n\u011bkter\u00e9 podm\u00ednky, ale odm\u011bnou za to v\u00e1m bude poskytnut\u00ed ur\u010dit\u00e9 \u010d\u00e1stky, kter\u00e1 v\u00e1m sn\u00ed\u017e\u00ed platbu za proveden\u00ed izolace. M\u016f\u017ee to b\u00fdt i v \u0159\u00e1du stovek tis\u00edc korun, tak pro\u010d toho nevyu\u017e\u00edt kdy\u017e tu mo\u017enost m\u00e1te?                                                                                                                                                                                                                                                                                                                                                                                                  "},{"@context":"https:\/\/schema.org\/","@type":"BreadcrumbList","itemListElement":[{"@type":"ListItem","position":1,"name":"Je v\u00e1m zima?","item":"https:\/\/www.awebio.cz\/je-vam-zima\/#breadcrumbitem"}]}]