[{"@context":"https:\/\/schema.org\/","@type":"Article","@id":"https:\/\/www.awebio.cz\/kam-umistit-skrin-na-miru-v-rodinnem-dome\/#Article","mainEntityOfPage":"https:\/\/www.awebio.cz\/kam-umistit-skrin-na-miru-v-rodinnem-dome\/","headline":"Kam um\u00edstit sk\u0159\u00ed\u0148 na m\u00edru v rodinn\u00e9m dom\u011b","name":"Kam um\u00edstit sk\u0159\u00ed\u0148 na m\u00edru v rodinn\u00e9m dom\u011b","description":"Z\u00edskali jste v r\u00e1mci d\u011bdick\u00e9ho \u0159\u00edzen\u00ed rodinn\u00fd d\u016fm, anebo jste zakoupili nap\u0159\u00edklad dvougenera\u010dn\u00ed objekt, kde chcete bydlet se sv\u00fdmi rodi\u010di \u010di prarodi\u010di? A uva\u017eujete o po\u0159\u00edzen\u00ed vestav\u011bn\u00e9 sk\u0159\u00edn\u011b na m\u00edru, ale prozat\u00edm nem\u00e1te jasno, kam ji um\u00edstit? Vestav\u011bn\u00e9 sk\u0159\u00edn\u011b ji\u017e v samotn\u00e9m n\u00e1zvu nazna\u010duj\u00ed, \u017ee budou n\u011bkam vt\u011bsnan\u00e9, tedy vestav\u011bn\u00e9 v n\u011bjak\u00e9m omezen\u00e9m prostoru, a [&hellip;]","datePublished":"2023-12-26","dateModified":"2024-01-26","author":{"@type":"Person","@id":"https:\/\/www.awebio.cz\/author\/#Person","name":"","url":"https:\/\/www.awebio.cz\/author\/","identifier":1,"image":{"@type":"ImageObject","@id":"https:\/\/secure.gravatar.com\/avatar\/04053961f5a3d2af1f56d865c7fc774bb6a80b9754b2f4c57fa4f8cefa253bd4?s=96&d=mm&r=g","url":"https:\/\/secure.gravatar.com\/avatar\/04053961f5a3d2af1f56d865c7fc774bb6a80b9754b2f4c57fa4f8cefa253bd4?s=96&d=mm&r=g","height":96,"width":96}},"publisher":{"@type":"Organization","name":"awebio.cz","logo":{"@type":"ImageObject","@id":"\/logo.png","url":"\/logo.png","width":600,"height":60}},"image":{"@type":"ImageObject","@id":"https:\/\/www.awebio.cz\/wp-content\/uploads\/closet-4730589_640_5.jpg","url":"https:\/\/www.awebio.cz\/wp-content\/uploads\/closet-4730589_640_5.jpg","height":0,"width":0},"url":"https:\/\/www.awebio.cz\/kam-umistit-skrin-na-miru-v-rodinnem-dome\/","about":["Produkty"],"wordCount":423,"articleBody":"      Z\u00edskali jste v r\u00e1mci d\u011bdick\u00e9ho \u0159\u00edzen\u00ed rodinn\u00fd d\u016fm, anebo jste zakoupili nap\u0159\u00edklad dvougenera\u010dn\u00ed objekt, kde chcete bydlet se sv\u00fdmi rodi\u010di \u010di prarodi\u010di? A uva\u017eujete o po\u0159\u00edzen\u00ed vestav\u011bn\u00e9 sk\u0159\u00edn\u011b na m\u00edru, ale prozat\u00edm nem\u00e1te jasno, kam ji um\u00edstit? Vestav\u011bn\u00e9 sk\u0159\u00edn\u011b ji\u017e v samotn\u00e9m n\u00e1zvu nazna\u010duj\u00ed, \u017ee budou n\u011bkam vt\u011bsnan\u00e9, tedy vestav\u011bn\u00e9 v n\u011bjak\u00e9m omezen\u00e9m prostoru, a tuto jejich typickou vlastnost lze mistrn\u011b vyu\u017e\u00edt zejm\u00e9na tam, kde m\u00e1te v\u00edce mo\u017enost\u00ed zakr\u00fdt nevzhledn\u00e9 v\u00fdklenky a prostory, kter\u00e9 byste jen velmi obt\u00ed\u017en\u011b smyslupln\u011b vyu\u017e\u00edvali jin\u00fdm zp\u016fsobem.Schodi\u0161t\u011b \u2013 obrovskou v\u00fdhodou vestaveb na m\u00edru je jejich schopnost p\u0159izp\u016fsobit se prakticky jak\u00e9mukoli prost\u0159ed\u00ed. Nen\u00ed tedy probl\u00e9m se\u0159\u00edznout posuvn\u00e9 dve\u0159e i do troj\u00faheln\u00edku a vyplnit jimi voln\u00e9 m\u00edsto pod schodi\u0161t\u011bm. A pr\u00e1v\u011b dlouh\u00e9 p\u0159\u00edm\u00e9 \u010di lomen\u00e9 schody do prvn\u00edho patra v dom\u011b nab\u00edz\u00ed vyu\u017e\u00edt \u00falo\u017en\u00fd prostor velmi \u0161ikovn\u011b a efektivn\u011b.P\u0159eds\u00edn\u011b a haly \u2013 m\u00e1te ve sv\u00e9m dom\u011b velkou p\u0159eds\u00ed\u0148, kde se nach\u00e1z\u00ed jen botn\u00edk a v\u011b\u0161\u00e1k, ale kde by se s trochou snahy dal tancovat i prostorov\u011b n\u00e1ro\u010dn\u00fd val\u010d\u00edk? Pak m\u00edstnost nechte z\u00fa\u017eit vestavbou na m\u00edru a m\u00e1te tu vynikaj\u00edc\u00ed mo\u017enost vyu\u017e\u00edt jej\u00edch vlastnost\u00ed, ani\u017e byste si ukrajovali obytnou plochu v lo\u017enici. Lo\u017enice by naopak m\u011bla z\u016fstat co nejv\u00edce prostorn\u00e1 a otev\u0159en\u00e1, aby tu l\u00e9pe proudila energie a nec\u00edtili jste se tam jako ve skladu. \u010c\u00edm m\u00e9n\u011b bude lo\u017enice zan\u00e1\u0161ena r\u016fzn\u00fdmi p\u0159edm\u011bty, t\u00edm l\u00e9pe se v\u00e1m tu bude regenerovat a odpo\u010d\u00edvat, a samoz\u0159ejm\u011b i milovat.Gar\u00e1\u017ee a sklepy \u2013 podsklepen\u00e9 domy nebo objekty vystav\u011bn\u00e9 ve svahu se zabudovanou gar\u00e1\u017e\u00ed a d\u00edlnou v p\u0159\u00edzem\u00ed jsou pro stavbu vestav\u011bn\u00fdch sk\u0159\u00edn\u00ed na m\u00edru p\u0159\u00edmo ide\u00e1ln\u00ed. Sk\u0159\u00ed\u0148 nech\u00e1te zhotovit v gar\u00e1\u017ei, anebo s n\u00ed budete po\u010d\u00edtat v d\u00edln\u011b, kter\u00e1 na gar\u00e1\u017e v p\u0159\u00edzem\u00ed navazuje. Vestavby v d\u00edln\u00e1ch slou\u017e\u00ed v\u011bt\u0161inou pro ukl\u00e1d\u00e1n\u00ed n\u00e1\u0159ad\u00ed, automobilov\u00fdch sou\u010d\u00e1stek, sportovn\u00edch pot\u0159eb, sezonn\u00ed obuvi \u010di oble\u010den\u00ed, krmiv pro dom\u00e1c\u00ed zv\u00ed\u0159ata nebo zahradn\u00ed techniky.                                                                                                                                                                                                                                                                                                                                                                                                  "},{"@context":"https:\/\/schema.org\/","@type":"BreadcrumbList","itemListElement":[{"@type":"ListItem","position":1,"name":"Kam um\u00edstit sk\u0159\u00ed\u0148 na m\u00edru v rodinn\u00e9m dom\u011b","item":"https:\/\/www.awebio.cz\/kam-umistit-skrin-na-miru-v-rodinnem-dome\/#breadcrumbitem"}]}]