[{"@context":"https:\/\/schema.org\/","@type":"Article","@id":"https:\/\/www.awebio.cz\/krasna-s-kolagenem\/#Article","mainEntityOfPage":"https:\/\/www.awebio.cz\/krasna-s-kolagenem\/","headline":"Kr\u00e1sn\u00e1 s kolagenem","name":"Kr\u00e1sn\u00e1 s kolagenem","description":"Mysl\u00edm si, \u017ee ka\u017ed\u00e1 \u017eena, ka\u017ed\u00fd \u010dlov\u011bk by si p\u0159\u00e1l vypadat opravdu mlad\u011b a st\u00e1le kr\u00e1sn\u011b. A tohle si mysl\u00edm hlavn\u011b o \u017een\u00e1ch, proto\u017ee si mysl\u00edm, \u017ee ka\u017ed\u00e1 \u017eena ud\u011bl\u00e1 asi cokoliv, by vypadala dob\u0159e. A j\u00e1 se jim nediv\u00edm, proto\u017ee pat\u0159\u00edm mezi n\u011b. A to spole\u010dn\u011b s moj\u00ed m\u00e1mou. A s moj\u00ed m\u00e1mou chod\u00edme [&hellip;]","datePublished":"2023-01-28","dateModified":"2023-01-28","author":{"@type":"Person","@id":"https:\/\/www.awebio.cz\/author\/#Person","name":"","url":"https:\/\/www.awebio.cz\/author\/","identifier":1,"image":{"@type":"ImageObject","@id":"https:\/\/secure.gravatar.com\/avatar\/04053961f5a3d2af1f56d865c7fc774bb6a80b9754b2f4c57fa4f8cefa253bd4?s=96&d=mm&r=g","url":"https:\/\/secure.gravatar.com\/avatar\/04053961f5a3d2af1f56d865c7fc774bb6a80b9754b2f4c57fa4f8cefa253bd4?s=96&d=mm&r=g","height":96,"width":96}},"publisher":{"@type":"Organization","name":"awebio.cz","logo":{"@type":"ImageObject","@id":"\/logo.png","url":"\/logo.png","width":600,"height":60}},"image":{"@type":"ImageObject","@id":"https:\/\/www.awebio.cz\/wp-content\/uploads\/self-care-6886590_960_720.jpg","url":"https:\/\/www.awebio.cz\/wp-content\/uploads\/self-care-6886590_960_720.jpg","height":0,"width":0},"url":"https:\/\/www.awebio.cz\/krasna-s-kolagenem\/","about":["Produkty"],"wordCount":420,"articleBody":"   Mysl\u00edm si, \u017ee ka\u017ed\u00e1 \u017eena, ka\u017ed\u00fd \u010dlov\u011bk by si p\u0159\u00e1l vypadat opravdu mlad\u011b a st\u00e1le kr\u00e1sn\u011b. A tohle si mysl\u00edm hlavn\u011b o \u017een\u00e1ch, proto\u017ee si mysl\u00edm, \u017ee ka\u017ed\u00e1 \u017eena ud\u011bl\u00e1 asi cokoliv, by vypadala dob\u0159e. A j\u00e1 se jim nediv\u00edm, proto\u017ee pat\u0159\u00edm mezi n\u011b. A to spole\u010dn\u011b s moj\u00ed m\u00e1mou. A s moj\u00ed m\u00e1mou chod\u00edme pravideln\u011b ke kosmeti\u010dce a taky ke kade\u0159nici a taky chod\u00edme na r\u016fzn\u00e9 lymfatick\u00e9 mas\u00e1\u017ee, aby n\u00e1m to st\u00e1le slu\u0161elo. A nap\u0159\u00edklad hlavn\u011b j\u00e1 se nedok\u00e1\u017eu sm\u00ed\u0159it s t\u00edm, \u017ee budu m\u00edt nikdy hlubok\u00e9 vr\u00e1sky. A je mi t\u0159icet \u010dty\u0159i let a u\u017e jsem si \u0159ekla, \u017ee bych taky u\u017e mohla za\u010d\u00edt n\u011bco pou\u017e\u00edvat v\u00edc. \u0158ekla jsem si, \u017ee kdy\u017e mi moje kosmeti\u010dka doporu\u010dila kolagen, tak jsem si uv\u011bdomila, \u017ee vlastn\u011b u\u017e je pot\u0159eba ho pou\u017e\u00edvat. A tak na webov\u00e9 str\u00e1nce jsem se dozv\u011bd\u011bla, \u017ee kolagen typu jedna by byl pro m\u011b opravdu ide\u00e1ln\u00ed. A v\u0161echno jsem se do\u010detla na webu orcacollagen.cz, kde je tak\u00e9 napsan\u00e9, jak funguje kolagen. Proto\u017ee tohle je mysl\u00edm velice d\u016fle\u017eit\u00e9, \u017ee ne\u017e si koup\u00edte kolagen, mus\u00edte v\u011bd\u011bt, jak tohle v\u0161echno funguje. Tak\u017ee jsem byla velice p\u0159ekvapen\u00e1, kdy\u017e mi v\u0161ichni \u0159ekli, \u017ee kolagen typu 1 je opravdu t\u011blu prosp\u011b\u0161n\u00fd. On se vlastn\u011b v t\u011ble vyskytuje norm\u00e1ln\u011b, ale v\u011bkem pr\u00fd ztr\u00e1c\u00ed na hodnot\u011b a na s\u00edle, tak\u017ee by bylo opravdu perfektn\u00ed, kdybyste kolagen typu jedna dopl\u0148ovali a to pravideln\u011b. A neprosp\u011bjete t\u00edm jenom s n\u00edm sval\u016fm a kloub\u016fm, ale taky hlavn\u011b poko\u017ece, a hlavn\u011b vlas\u016fm a neht\u016fm. A nezn\u00e1m \u017e\u00e1dn\u00e9ho \u010dlov\u011bka, kter\u00fd by necht\u011bl vypadat t\u0159eba nap\u0159\u00edklad o deset let mlad\u0161\u00ed. Ka\u017ed\u00fd chce vypadat mlad\u011b a b\u00fdt zdrav\u00fd, tak\u017ee kolagen typu jedna by pro v\u00e1s taky mohl b\u00fdt naprosto ide\u00e1ln\u00ed. Ale je v\u017edycky opravdu nejlep\u0161\u00ed, kdy\u017e se n\u011bkoho zept\u00e1te, kdo se v tom vyzn\u00e1, aby v\u00e1m poradil, jak\u00fd kolagen pro v\u00e1s bude naprosto vyhovuj\u00edc\u00ed. Kolagen\u016f je toti\u017e v\u00edce druh\u016f. Tak\u017ee je pak u\u017e jenom na v\u00e1s, jak\u00fd typ kolagenu si vyberete.                                                                                                                                                                                                                                                                                                                                                                                                  "},{"@context":"https:\/\/schema.org\/","@type":"BreadcrumbList","itemListElement":[{"@type":"ListItem","position":1,"name":"Kr\u00e1sn\u00e1 s kolagenem","item":"https:\/\/www.awebio.cz\/krasna-s-kolagenem\/#breadcrumbitem"}]}]