[{"@context":"https:\/\/schema.org\/","@type":"Article","@id":"https:\/\/www.awebio.cz\/moda-neni-jen-o-obleceni\/#Article","mainEntityOfPage":"https:\/\/www.awebio.cz\/moda-neni-jen-o-obleceni\/","headline":"M\u00f3da nen\u00ed jen o oble\u010den\u00ed","name":"M\u00f3da nen\u00ed jen o oble\u010den\u00ed","description":"M&Atilde;&sup3;da neznamen&Atilde;&iexcl; jenom m&Atilde;&shy;t na sob&Auml;&#8250; hezk&Atilde;&copy; oble&Auml;en&Atilde;&shy;. Ale m&Atilde;&sup3;da se bere i jako t&Aring;&#8482;eba n&Auml;&#8250;jak&Atilde;&frac12; m&Atilde;&sup3;dn&Atilde;&shy; dopln&Auml;&#8250;k.&Acirc;&nbsp;Nap&Aring;&#8482;&Atilde;&shy;klad n&Atilde;&iexcl;u&Aring;&iexcl;nice, &Aring;&#8482;et&Atilde;&shy;zek, &Aring;&#8482;et&Atilde;&shy;zek na nohu, prst&Atilde;&frac12;nky na ruce, na nohy. Tak&Aring;&frac34;e ur&Auml;it&Auml;&#8250; m&Atilde;&sup3;da m&Atilde;&iexcl; velk&Atilde;&frac12; v&Atilde;&frac12;znam a m&Atilde;&iexcl; opravdu velk&Atilde;&copy; hodnoty. Proto&Aring;&frac34;e opravdu m&Atilde;&sup3;da nen&Atilde;&shy; jenom to, kdy&Aring;&frac34; m&Atilde;&iexcl;me n&Auml;&#8250;co na sob&Auml;&#8250;, ale opravdu jsou to i [&hellip;]","datePublished":"2023-07-23","dateModified":"2024-04-23","author":{"@type":"Person","@id":"https:\/\/www.awebio.cz\/author\/#Person","name":"","url":"https:\/\/www.awebio.cz\/author\/","identifier":1,"image":{"@type":"ImageObject","@id":"https:\/\/secure.gravatar.com\/avatar\/04053961f5a3d2af1f56d865c7fc774bb6a80b9754b2f4c57fa4f8cefa253bd4?s=96&d=mm&r=g","url":"https:\/\/secure.gravatar.com\/avatar\/04053961f5a3d2af1f56d865c7fc774bb6a80b9754b2f4c57fa4f8cefa253bd4?s=96&d=mm&r=g","height":96,"width":96}},"publisher":{"@type":"Organization","name":"awebio.cz","logo":{"@type":"ImageObject","@id":"\/logo.png","url":"\/logo.png","width":600,"height":60}},"image":{"@type":"ImageObject","@id":"https:\/\/www.awebio.cz\/wp-content\/uploads\/woman-5667299_960_720_2.jpg","url":"https:\/\/www.awebio.cz\/wp-content\/uploads\/woman-5667299_960_720_2.jpg","height":0,"width":0},"url":"https:\/\/www.awebio.cz\/moda-neni-jen-o-obleceni\/","about":["M\u00f3da"],"wordCount":975,"articleBody":"M&Atilde;&sup3;da neznamen&Atilde;&iexcl; jenom m&Atilde;&shy;t na sob&Auml;&#8250; hezk&Atilde;&copy; oble&Auml;en&Atilde;&shy;. Ale m&Atilde;&sup3;da se bere i jako t&Aring;&#8482;eba n&Auml;&#8250;jak&Atilde;&frac12; m&Atilde;&sup3;dn&Atilde;&shy; dopln&Auml;&#8250;k.&Acirc;&nbsp;Nap&Aring;&#8482;&Atilde;&shy;klad n&Atilde;&iexcl;u&Aring;&iexcl;nice, &Aring;&#8482;et&Atilde;&shy;zek, &Aring;&#8482;et&Atilde;&shy;zek na nohu, prst&Atilde;&frac12;nky na ruce, na nohy. Tak&Aring;&frac34;e ur&Auml;it&Auml;&#8250; m&Atilde;&sup3;da m&Atilde;&iexcl; velk&Atilde;&frac12; v&Atilde;&frac12;znam a m&Atilde;&iexcl; opravdu velk&Atilde;&copy; hodnoty. Proto&Aring;&frac34;e opravdu m&Atilde;&sup3;da nen&Atilde;&shy; jenom to, kdy&Aring;&frac34; m&Atilde;&iexcl;me n&Auml;&#8250;co na sob&Auml;&#8250;, ale opravdu jsou to i m&Atilde;&sup3;dn&Atilde;&shy; dopl&Aring;&#710;ky, kter&Atilde;&copy; stra&Aring;&iexcl;n&Auml;&#8250; r&Atilde;&iexcl;dy hlavn&Auml;&#8250; my &Aring;&frac34;eny nos&Atilde;&shy;me. Ale v vz&Atilde;&iexcl;p&Auml;&#8250;t&Atilde;&shy; v&Aring;&iexcl;ichni je nos&Atilde;&shy;me, jak &Aring;&frac34;eny, tak mu&Aring;&frac34;i, a prost&Auml;&#8250; jsme stra&Aring;&iexcl;n&Auml;&#8250; r&Atilde;&iexcl;di, kdy&Aring;&frac34; se m&Aring;&macr;&Aring;&frac34;eme hezky obl&Atilde;&copy;ct a vz&Atilde;&shy;t si pr&Atilde;&iexcl;v&Auml;&#8250; k tomu ten m&Atilde;&sup3;dn&Atilde;&shy; dopln&Auml;&#8250;k, kter&Atilde;&frac12; tomu dod&Atilde;&iexcl; prost&Auml;&#8250; takov&Atilde;&frac12; ten kr&Atilde;&iexcl;sn&Atilde;&frac12; &Aring;&iexcl;mrnc, a hlavn&Auml;&#8250; p&Aring;&#8482;ev&Atilde;&iexcl;&Aring;&frac34;n&Auml;&#8250; &Aring;&frac34;eny, kter&Atilde;&copy; opravdu prost&Auml;&#8250; maj&Atilde;&shy; r&Atilde;&iexcl;dy m&Atilde;&sup3;dn&Atilde;&shy; dopl&Aring;&#710;ky, tak prost&Auml;&#8250; opravdu je to pro n&Auml;&#8250; velice ide&Atilde;&iexcl;ln&Atilde;&shy; a ur&Auml;it&Auml;&#8250; cht&Auml;&#8250;j&Atilde;&shy; b&Atilde;&frac12;t i slad&Auml;&#8250;n&Atilde;&copy;. Kdy&Aring;&frac34; si vezmete n&Auml;&#8250;jak&Atilde;&copy; p&Auml;&#8250;kn&Atilde;&copy; &Aring;&iexcl;aty, t&Aring;&#8482;eba v letn&Atilde;&shy;ch m&Auml;&#8250;s&Atilde;&shy;c&Atilde;&shy;ch, kdy&Aring;&frac34; je opravdu kr&Atilde;&iexcl;sn&Atilde;&copy; slun&Atilde;&shy;&Auml;ko, tak prost&Auml;&#8250; si k tomu chcete vz&Atilde;&shy;t ten m&Atilde;&sup3;dn&Atilde;&shy; dopln&Auml;&#8250;k, n&Auml;&#8250;jak&Atilde;&frac12; &Aring;&iexcl;perk, n&Atilde;&iexcl;u&Aring;&iexcl;nice, a to je velice p&Auml;&#8250;kn&Atilde;&copy;. V l&Atilde;&copy;t&Auml;&#8250; je opravdu velice p&Auml;&#8250;kn&Atilde;&frac12; i n&Atilde;&iexcl;ramek na nohu. J&Atilde;&iexcl; se popravd&Auml;&#8250; p&Aring;&#8482;izn&Atilde;&iexcl;m, j&Atilde;&iexcl; stra&Aring;&iexcl;n&Auml;&#8250; r&Atilde;&iexcl;da nos&Atilde;&shy;m n&Atilde;&iexcl;ramky na noh&Atilde;&iexcl;ch p&Aring;&#8482;es l&Atilde;&copy;to, proto&Aring;&frac34;e si vezmu bu&Auml; n&Auml;&#8250;jak&Atilde;&copy; p&Auml;&#8250;kn&Atilde;&copy; lodi&Auml;ky, nebo si vezmu &Aring;&frac34;abky nebo baler&Atilde;&shy;nky, a d&Atilde;&iexcl;m si ten n&Atilde;&iexcl;ramek na nohu, proto&Aring;&frac34;e to opravdu vypad&Atilde;&iexcl; velice kr&Atilde;&iexcl;sn&Auml;&#8250;. Ale samoz&Aring;&#8482;ejm&Auml;&#8250; ur&Auml;it&Auml;&#8250; ka&Aring;&frac34;d&Atilde;&iexcl; &Aring;&frac34;ena m&Atilde;&iexcl; r&Atilde;&iexcl;da n&Auml;&#8250;co jin&Atilde;&copy;ho. Ka&Aring;&frac34;d&Atilde;&iexcl; &Aring;&frac34;ena m&Atilde;&iexcl; prost&Auml;&#8250; &Atilde;&ordm;pln&Auml;&#8250; jin&Atilde;&frac12; styl. Ka&Aring;&frac34;d&Atilde;&copy; se l&Atilde;&shy;b&Atilde;&shy; n&Auml;&#8250;co jin&Atilde;&copy;ho, tak&Aring;&frac34;e pokud se t&Aring;&#8482;eba v&Atilde;&iexcl;m l&Atilde;&shy;b&Atilde;&shy; n&Atilde;&iexcl;ramek na nohu, tak ur&Auml;it&Auml;&#8250; si vezm&Auml;&#8250;te n&Auml;&#8250;jak&Atilde;&frac12; n&Atilde;&iexcl;ramek na nohu, proto&Aring;&frac34;e opravdu to vypad&Atilde;&iexcl; velice p&Auml;&#8250;kn&Auml;&#8250; a dod&Atilde;&iexcl; to va&Aring;&iexcl;emu t&Auml;&#8250;lu kr&Atilde;&iexcl;sn&Atilde;&frac12; &Aring;&iexcl;mrnc a vypad&Atilde;&iexcl; to opravdu velice dokonale, proto&Aring;&frac34;e kdy&Aring;&frac34; se takhle hezky oble&Auml;ete a nastroj&Atilde;&shy;te a vezmete si k tomu ten m&Atilde;&sup3;dn&Atilde;&shy; dopln&Auml;&#8250;k, tak opravdu to dod&Atilde;&iexcl; velk&Atilde;&frac12; p&Aring;&macr;vab va&Aring;&iexcl;emu t&Auml;&#8250;lu a je to skv&Auml;&#8250;l&Atilde;&frac12; dopln&Auml;&#8250;k k tomu oble&Auml;en&Atilde;&shy;, kter&Atilde;&copy; m&Atilde;&iexcl;te na sob&Auml;&#8250;. Rozhodn&Auml;&#8250; si ale neberte n&Auml;&#8250;jak&Atilde;&frac12; &Aring;&iexcl;perk nebo n&Atilde;&iexcl;u&Aring;&iexcl;nice t&Aring;&#8482;eba k d&Aring;&frac34;&Atilde;&shy;n&Aring;&macr;m nebo k tri&Auml;ku. To se opravdu nehod&Atilde;&shy;.&Acirc;&nbsp;Tak&Aring;&frac34;e ur&Auml;it&Auml;&#8250; sp&Atilde;&shy;&Aring;&iexcl;e &Aring;&iexcl;aty nebo n&Auml;&#8250;jak&Atilde;&copy; t&Atilde;&shy;lko, suk&Atilde;&frac12;nku, a k tomu se pr&Atilde;&iexcl;v&Auml;&#8250; hod&Atilde;&shy; ty m&Atilde;&sup3;dn&Atilde;&shy; dopl&Aring;&#710;ky. Ale v&Aring;&iexcl;echno je prost&Auml;&#8250; na v&Atilde;&iexcl;s, jak se v&Atilde;&iexcl;m to l&Atilde;&shy;b&Atilde;&shy;, a jak co r&Atilde;&iexcl;di nos&Atilde;&shy;te. Proto&Aring;&frac34;e opravdu vy jste ti, kte&Aring;&#8482;&Atilde;&shy; si svoji m&Atilde;&sup3;du ur&Auml;uj&Atilde;&shy;.                                                                                                                                                                                                                                                                                                                                                                                                "},{"@context":"https:\/\/schema.org\/","@type":"BreadcrumbList","itemListElement":[{"@type":"ListItem","position":1,"name":"M\u00f3da nen\u00ed jen o oble\u010den\u00ed","item":"https:\/\/www.awebio.cz\/moda-neni-jen-o-obleceni\/#breadcrumbitem"}]}]