[{"@context":"https:\/\/schema.org\/","@type":"Article","@id":"https:\/\/www.awebio.cz\/muj-krem\/#Article","mainEntityOfPage":"https:\/\/www.awebio.cz\/muj-krem\/","headline":"M\u016fj kr\u00e9m","name":"M\u016fj kr\u00e9m","description":"V\u017edycky jsem si \u0159\u00edkala, \u017ee jsou r\u016fzn\u00e9 mo\u017enosti, jak to ud\u011blat, tak, aby se \u010dlov\u011bk c\u00edtil v\u00edce v pohod\u011b a tak\u00e9 l\u00e9pe vypadal. Brala jsem to v\u00e1\u017en\u011b. Proto\u017ee opravdu nezn\u00e1m \u017e\u00e1dn\u00e9ho \u010dlov\u011bka, a hlavn\u011b ne \u017eenu, kter\u00e1 by necht\u011bla st\u00e1le vypadat kr\u00e1sn\u011b a hlavn\u011b mlad\u011b. Proto jsem si \u0159ekla, \u017ee ani j\u00e1 nebudu v\u00fdjimka a [&hellip;]","datePublished":"2023-06-26","dateModified":"2023-07-27","author":{"@type":"Person","@id":"https:\/\/www.awebio.cz\/author\/#Person","name":"","url":"https:\/\/www.awebio.cz\/author\/","identifier":1,"image":{"@type":"ImageObject","@id":"https:\/\/secure.gravatar.com\/avatar\/04053961f5a3d2af1f56d865c7fc774bb6a80b9754b2f4c57fa4f8cefa253bd4?s=96&d=mm&r=g","url":"https:\/\/secure.gravatar.com\/avatar\/04053961f5a3d2af1f56d865c7fc774bb6a80b9754b2f4c57fa4f8cefa253bd4?s=96&d=mm&r=g","height":96,"width":96}},"publisher":{"@type":"Organization","name":"awebio.cz","logo":{"@type":"ImageObject","@id":"\/logo.png","url":"\/logo.png","width":600,"height":60}},"image":{"@type":"ImageObject","@id":"https:\/\/www.awebio.cz\/wp-content\/uploads\/cosmetics-2746013_1280.jpg","url":"https:\/\/www.awebio.cz\/wp-content\/uploads\/cosmetics-2746013_1280.jpg","height":0,"width":0},"url":"https:\/\/www.awebio.cz\/muj-krem\/","about":["Produkty"],"wordCount":420,"articleBody":"      V\u017edycky jsem si \u0159\u00edkala, \u017ee jsou r\u016fzn\u00e9 mo\u017enosti, jak to ud\u011blat, tak, aby se \u010dlov\u011bk c\u00edtil v\u00edce v pohod\u011b a tak\u00e9 l\u00e9pe vypadal. Brala jsem to v\u00e1\u017en\u011b. Proto\u017ee opravdu nezn\u00e1m \u017e\u00e1dn\u00e9ho \u010dlov\u011bka, a hlavn\u011b ne \u017eenu, kter\u00e1 by necht\u011bla st\u00e1le vypadat kr\u00e1sn\u011b a hlavn\u011b mlad\u011b. Proto jsem si \u0159ekla, \u017ee ani j\u00e1 nebudu v\u00fdjimka a budu o sebe v\u00edce pe\u010dovat, abych tak\u00e9 d\u00e9le vypadala mlad\u00e1 a kr\u00e1sn\u00e1. Tak\u00e9 v\u0161ichni v\u00edme, \u017ee v\u011bkem se z t\u011bla vytr\u00e1c\u00ed v\u011bt\u0161ina kolagenu. Proto je velice d\u016fle\u017eit\u00e9, abychom n\u011bjak\u00fd kolagen sv\u00e9mu t\u011blu dod\u00e1vali. A to hlavn\u011b z toho d\u016fvodu, abychom m\u011bli pevn\u00e9 \u0161lachy a klouby a tak\u00e9 zdravou a pru\u017enou ple\u0165. Proto\u017ee pokud m\u00e1te v t\u011ble opravdu nedostatek kolagenu, tak va\u0161e t\u011blo opravdu str\u00e1d\u00e1 a trp\u00ed. Str\u00e1d\u00e1 sv\u016fj d\u016fle\u017eit\u00fd kolagen. Pokud t\u011blo nem\u00e1 kolagen, tak je potom k\u016f\u017ee opravdu celkov\u011b nepru\u017en\u00e1 a ochabl\u00e1 a to znamen\u00e1, \u017ee se potom na k\u016f\u017ei mohou d\u011blat jemn\u00e9 ale i hlubok\u00e9 vr\u00e1sky. Nikdo nem\u00e1 r\u00e1d vr\u00e1sky. I kdy\u017e se \u0159\u00edk\u00e1, \u017ee ka\u017ed\u00fd m\u00e1 s\u00e1m sebe milovat takov\u00e9ho, jak\u00fd je, a to i s vr\u00e1skami. \u0158\u00edk\u00e1 se, \u017ee vr\u00e1sky od sm\u00edchu jsou opravdu kr\u00e1sn\u00e9 a roztomil\u00e9. Jenom\u017ee m\u011b tohle vad\u00ed a j\u00e1 tohle moto rozhodn\u011b nem\u00e1m r\u00e1da a nechci m\u00edt ani vr\u00e1sky od sm\u00edchu. Proto m\u011b velice t\u011b\u0161\u00ed, \u017ee existuj\u00ed r\u016fzn\u00e9 potravinov\u00e9 dopl\u0148ky, s kter\u00fdmi si mohu pomoct.Nap\u0159\u00edklad kolagen pro \u017eeny. Je to opravdu perfektn\u00ed v\u011bc, kterou v\u00e1m doporu\u010duji. A to opravdu v\u0161em \u017een\u00e1m. Proto\u017ee kolagen na ple\u0165 opravdu perfektn\u011b p\u016fsob\u00ed na k\u016f\u017ei a tak\u00e9 na podko\u017en\u00ed vazivo, tak\u017ee potom va\u0161e ple\u0165 bude opravdu jemn\u00e1 na dotek a tak\u00e9 hlavn\u011b vy\u017eiven\u00e1. Nav\u00edc tak\u00e9 ud\u011bl\u00e1te velikou slu\u017ebu sv\u00fdm \u0161lach\u00e1m a tak podobn\u011b, tak\u017ee u\u017e\u00edv\u00e1n\u00edm kolagenu opravdu nikdy nic nezkaz\u00edte. Kolagen pro \u017eeny bude va\u0161e jedni\u010dka mezi va\u0161imi potravinov\u00fdmi dopl\u0148ky. Zkuste to a jist\u011b za p\u00e1r t\u00fddn\u016f uvid\u00edte velk\u00e9 zm\u011bny ve stavu va\u0161\u00ed pleti a vlas\u016f. A na webov\u00e9 str\u00e1nce orcacollagen.cz najedete skv\u011bl\u00e9 kolageny!                                                                                                                                                                                                                                                                                                                                                                                                  "},{"@context":"https:\/\/schema.org\/","@type":"BreadcrumbList","itemListElement":[{"@type":"ListItem","position":1,"name":"M\u016fj kr\u00e9m","item":"https:\/\/www.awebio.cz\/muj-krem\/#breadcrumbitem"}]}]