[{"@context":"https:\/\/schema.org\/","@type":"Article","@id":"https:\/\/www.awebio.cz\/nechte-si-vycistit-matrace-uklidovou-firmou\/#Article","mainEntityOfPage":"https:\/\/www.awebio.cz\/nechte-si-vycistit-matrace-uklidovou-firmou\/","headline":"Nechte si vy\u010distit matrace \u00faklidovou firmou","name":"Nechte si vy\u010distit matrace \u00faklidovou firmou","description":"N\u011bkte\u0159\u00ed z v\u00e1s pamatuj\u00ed re\u00e1ln\u00fd socialismus a z\u00e1kladn\u00ed vojenskou slu\u017ebu. Mo\u017en\u00e1, \u017ee jste pr\u00e1v\u011b vy tak\u00e9 spali na tvrd\u00e9m slamn\u00edku, na slam\u011bn\u00fdch matrac\u00edch ve spac\u00edm pytli a \u0161\u00farovali vojenskou podlahu mazlav\u00fdm m\u00fddlem, aby se leskla jako zrcadlo. Voj\u00e1ci byli povinni udr\u017eovat po\u0159\u00e1dek a \u010distotu v kas\u00e1rn\u00e1ch mnohdy a\u017e drastick\u00fdm zp\u016fsobem, dbalo se tu hlavn\u011b na [&hellip;]","datePublished":"2024-11-05","dateModified":"2024-11-05","author":{"@type":"Person","@id":"https:\/\/www.awebio.cz\/author\/#Person","name":"","url":"https:\/\/www.awebio.cz\/author\/","identifier":1,"image":{"@type":"ImageObject","@id":"https:\/\/secure.gravatar.com\/avatar\/04053961f5a3d2af1f56d865c7fc774bb6a80b9754b2f4c57fa4f8cefa253bd4?s=96&d=mm&r=g","url":"https:\/\/secure.gravatar.com\/avatar\/04053961f5a3d2af1f56d865c7fc774bb6a80b9754b2f4c57fa4f8cefa253bd4?s=96&d=mm&r=g","height":96,"width":96}},"publisher":{"@type":"Organization","name":"awebio.cz","logo":{"@type":"ImageObject","@id":"\/logo.png","url":"\/logo.png","width":600,"height":60}},"image":{"@type":"ImageObject","@id":"https:\/\/www.awebio.cz\/wp-content\/uploads\/interior-3575815_640_5.jpg","url":"https:\/\/www.awebio.cz\/wp-content\/uploads\/interior-3575815_640_5.jpg","height":0,"width":0},"url":"https:\/\/www.awebio.cz\/nechte-si-vycistit-matrace-uklidovou-firmou\/","about":["Firmy"],"wordCount":408,"articleBody":"       N\u011bkte\u0159\u00ed z v\u00e1s pamatuj\u00ed re\u00e1ln\u00fd socialismus a z\u00e1kladn\u00ed vojenskou slu\u017ebu. Mo\u017en\u00e1, \u017ee jste pr\u00e1v\u011b vy tak\u00e9 spali na tvrd\u00e9m slamn\u00edku, na slam\u011bn\u00fdch matrac\u00edch ve spac\u00edm pytli a \u0161\u00farovali vojenskou podlahu mazlav\u00fdm m\u00fddlem, aby se leskla jako zrcadlo. Voj\u00e1ci byli povinni udr\u017eovat po\u0159\u00e1dek a \u010distotu v kas\u00e1rn\u00e1ch mnohdy a\u017e drastick\u00fdm zp\u016fsobem, dbalo se tu hlavn\u011b na \u010dist\u00e9 podlahy a prach na paland\u00e1ch \u010di okenn\u00edch parapetech, ov\u0161em na jeden ze z\u00e1sadn\u00edch probl\u00e9m\u016f se tu v\u016fbec nedbalo \u2013 na \u010distotu matrac\u00ed. Na jedn\u00e9 posteli se tu vyst\u0159\u00eddalo b\u011bhem n\u011bkolika let \u0159ada voj\u00e1k\u016f a ka\u017ed\u00fd z nich t\u00edm p\u0159isp\u011bl k rozmno\u017een\u00ed rozto\u010d\u016f a bakteri\u00ed. Jestli\u017ee se matrace ne\u010dist\u00ed, mohou b\u011bhem kr\u00e1tk\u00e9 doby ovlivnit lidsk\u00e9 zdrav\u00ed a zp\u016fsobit alergick\u00e9 reakce. To sam\u00e9 se t\u00fdk\u00e1 va\u0161\u00ed dom\u00e1cnosti. Polo\u017ete sami sob\u011b ot\u00e1zku, kdy naposledy jste nechali d\u016fkladn\u011b vy\u010distit matrace ve va\u0161em l\u016f\u017eku a z\u00e1rove\u0148 s t\u00edm i polstrov\u00e1n\u00ed a \u010daloun\u011bn\u00ed \u017eidl\u00ed a sedac\u00edch souprav? \u010c\u00edm n\u00e1m vlastn\u011b \u0161kod\u00ed rozto\u010di rozmno\u017een\u00ed v matrac\u00edch? Rozto\u010di jsou velmi drobn\u00ed \u017eivo\u010dichov\u00e9, sv\u00fdm vzhledem nesm\u00edrn\u011b \u0161eredn\u00ed, p\u0159ipom\u00ednaj\u00edc\u00ed obludy. Kdyby se rozto\u010d zv\u011bt\u0161il na velikost ko\u010dky dom\u00e1c\u00ed, jist\u011b byste p\u0159ed n\u00edm prchali. Rozto\u010di v\u0161ak nejsou nebezpe\u010dn\u00ed sv\u00fdm t\u011blem, nejsou to paraziti jako \u0161t\u011bnice, pouze se \u017eiv\u00ed lidskou odum\u0159elou poko\u017ekou a ko\u017en\u00edm mazem. Produkuj\u00ed v\u0161ak v\u00fdkaly a ty brzy zaschnou a sm\u00eds\u00ed se s prachem. Kdy\u017e se prach v m\u00edstnosti zv\u00ed\u0159\u00ed z\u00e1vanem v\u011btru p\u0159i v\u011btr\u00e1n\u00ed nebo luxov\u00e1n\u00edm, tyto v\u00fdkaly vdechujeme a pronikaj\u00ed t\u00edm p\u00e1dem do krevn\u00edho ob\u011bhu. V krvi pak p\u016fsob\u00ed jako toxiny, ovliv\u0148uj\u00ed imunitn\u00ed syst\u00e9m, p\u0159et\u011b\u017euj\u00ed j\u00e1tra a slezinu a mohou pak vyvolat zmi\u0148ovanou imunitn\u00ed alergickou reakci. Proto se vyplat\u00ed nechat \u010distit matrace \u00faklidovou firmou v r\u00e1mci \u00faklidu v Ostrav\u011b https:\/\/tnuklid.cz\/ostrava-a-okoli\/ alespo\u0148 jednou nebo dvakr\u00e1t do roka, a spolu s nimi i dal\u0161\u00ed \u010daloun\u011bn\u00e9 v\u00fdrobky, kam si sed\u00e1te nebo uleh\u00e1te ke sp\u00e1nku \u010di k odpo\u010dinku.                                                                                                                                                                                                                                                                                                                                                                                                  "},{"@context":"https:\/\/schema.org\/","@type":"BreadcrumbList","itemListElement":[{"@type":"ListItem","position":1,"name":"Nechte si vy\u010distit matrace \u00faklidovou firmou","item":"https:\/\/www.awebio.cz\/nechte-si-vycistit-matrace-uklidovou-firmou\/#breadcrumbitem"}]}]