[{"@context":"https:\/\/schema.org\/","@type":"Article","@id":"https:\/\/www.awebio.cz\/ohlednuti-za-trendy-roku-2019\/#Article","mainEntityOfPage":"https:\/\/www.awebio.cz\/ohlednuti-za-trendy-roku-2019\/","headline":"Ohl\u00e9dnut\u00ed za trendy roku 2019","name":"Ohl\u00e9dnut\u00ed za trendy roku 2019","description":"1.\u00a0\u00a0\u00a0\u00a0\u00a0 Spadl\u00e1 ramena \u00a0 V trik\u00e1ch, mikin\u00e1ch i crop topech se stal st\u0159ihem \u010d\u00edslo jedna. \u010casto dopln\u011bn romantickou krajkou, \u017eabi\u010dkov\u00fdm vzorem \u010di v\u00fd\u0161ivkami. A podle posledn\u00edch zpr\u00e1v dopln\u011bn \u00e1\u010dkovou sukn\u00ed to bude p\u0159\u00ed\u0161t\u00ed look jara. \u00a0 2.\u00a0\u00a0\u00a0\u00a0\u00a0 Over size \u00a0 Letos se tento styl objevil na kab\u00e1tech, bund\u00e1ch, mikin\u00e1ch i svetrech ledabyle zastr\u010den\u00fdch do d\u017e\u00edn\u016f. [&hellip;]","datePublished":"2019-10-26","dateModified":"2019-10-26","author":{"@type":"Person","@id":"https:\/\/www.awebio.cz\/author\/#Person","name":"","url":"https:\/\/www.awebio.cz\/author\/","identifier":1,"image":{"@type":"ImageObject","@id":"https:\/\/secure.gravatar.com\/avatar\/04053961f5a3d2af1f56d865c7fc774bb6a80b9754b2f4c57fa4f8cefa253bd4?s=96&d=mm&r=g","url":"https:\/\/secure.gravatar.com\/avatar\/04053961f5a3d2af1f56d865c7fc774bb6a80b9754b2f4c57fa4f8cefa253bd4?s=96&d=mm&r=g","height":96,"width":96}},"publisher":{"@type":"Organization","name":"awebio.cz","logo":{"@type":"ImageObject","@id":"\/logo.png","url":"\/logo.png","width":600,"height":60}},"image":{"@type":"ImageObject","@id":"https:\/\/www.awebio.cz\/wp-content\/uploads\/img_a357602_w3266_t1572115307.jpg","url":"https:\/\/www.awebio.cz\/wp-content\/uploads\/img_a357602_w3266_t1572115307.jpg","height":0,"width":0},"url":"https:\/\/www.awebio.cz\/ohlednuti-za-trendy-roku-2019\/","about":["M\u00f3da"],"wordCount":493,"articleBody":"1.\u00a0\u00a0\u00a0\u00a0\u00a0 Spadl\u00e1 ramena\u00a0V trik\u00e1ch, mikin\u00e1ch i crop topech se stal st\u0159ihem \u010d\u00edslo jedna. \u010casto dopln\u011bn romantickou krajkou, \u017eabi\u010dkov\u00fdm vzorem \u010di v\u00fd\u0161ivkami. A podle posledn\u00edch zpr\u00e1v dopln\u011bn \u00e1\u010dkovou sukn\u00ed to bude p\u0159\u00ed\u0161t\u00ed look jara.\u00a02.\u00a0\u00a0\u00a0\u00a0\u00a0 Over size\u00a0Letos se tento styl objevil na kab\u00e1tech, bund\u00e1ch, mikin\u00e1ch i svetrech ledabyle zastr\u010den\u00fdch do d\u017e\u00edn\u016f. V\u00fdjimkou nebyly ani \u0161aty, kter\u00e9 se nosily jak dlouh\u00e9, tak kr\u00e1tk\u00e9 s\u00a0rovn\u00fdm st\u0159ihem a \u0161irok\u00fdm p\u00e1skem.\u00a03.\u00a0\u00a0\u00a0\u00a0\u00a0 Star\u00fd dobr\u00fd denim\u00a0Ten nikdy neomrz\u00ed! Nesmrteln\u00e1 klasika, kter\u00e1 o\u017eila zejm\u00e9na na ja\u0159e v\u00a0podob\u011b lacl\u00e1\u010d\u016f, p\u0159es l\u00e9to hl\u00e1sila comeback\u00a0d\u017e\u00edska, a stejn\u011b tak riflov\u00e9 \u0161aty se staly hitem l\u00e9ta. Barva vl\u00e1dla jednozna\u010dn\u011b modr\u00e1, a to od sv\u011btl\u00e9 a\u017e po tu tmavou.\u00a04.\u00a0\u00a0\u00a0\u00a0\u00a0 Mrkv\u00e1\u010de\u00a0Tak se d\u0159\u00edve \u0159\u00edkalo d\u017e\u00edns\u016fm vysok\u00fdm do pasu a pomalu se zu\u017euj\u00edc\u00edch ke kotn\u00edk\u016fm. A nyn\u00ed jsou op\u011bt trendem \u010d\u00edslo jedna! Nahradili z\u00a0p\u0159edchoz\u00edch let tolik obl\u00edben\u00e9 slimky. Z\u00e1kladem je zastr\u010dit do nich t\u00edlko \u010di svetr a zd\u016fraznit pas.\u00a0\u00a05.\u00a0\u00a0\u00a0\u00a0\u00a0 St\u00e1le roztrh\u00e1no\u00a0Sepran\u00e1 a odrban\u00e1 kolena na kalhot\u00e1ch jsou u\u017e evergreenem. Letos ale n\u00e1vrh\u00e1\u0159i r\u016fzn\u00e1 oka a t\u0159\u00e1sn\u011b p\u0159edali na svetry, trika, nohavice kalhot \u010di dokonce riflov\u00e9 bundy. Ledabylost a neurvalost je zkr\u00e1tka st\u00e1le in.\u00a06.\u00a0\u00a0\u00a0\u00a0\u00a0 V\u00fd\u0161ivky\u00a0Minul\u00fd rok je plynule p\u0159enesl i do toho leto\u0161n\u00edho. Op\u011bt se na\u0161ly snad v\u0161ude \u2013 plavk\u00e1ch, kalhot\u00e1ch, ko\u0161il\u00edch, pen\u011b\u017eenk\u00e1ch i bot\u00e1ch. Hlavn\u00edm vzorem byly op\u011bt kv\u011btiny, zejm\u00e9na r\u016f\u017ee.\u00a07.\u00a0\u00a0\u00a0\u00a0\u00a0 Vesty a pon\u010da\u00a0Ty ko\u017ee\u0161inov\u00e9 se na ja\u0159e a podzim nosily p\u0159es ko\u017eenkov\u00e9 bundi\u010dky \u010di chlupat\u00e9 svetry. Pon\u010da jsou TOP dopl\u0148kem podzimn\u00edch dn\u00ed. Daj\u00ed se obl\u00e9ci na sto zp\u016fsob\u016f a skv\u011ble dopln\u00ed jak\u00fdkoliv outfit!\u00a08.\u00a0\u00a0\u00a0\u00a0\u00a0 Kapsi\u010dky a ta\u0161ti\u010dky\u00a0Ty se staly u\u017e i samostatnou sou\u010d\u00e1st\u00ed od\u011bv\u016f a p\u00e1sk\u016f. \u010c\u00edm n\u00e1padn\u011bj\u0161\u00ed, t\u00edm lep\u0161\u00ed. Neobe\u0161ly se bez nich sukn\u011b, \u0161aty ani overaly.\u00a09.\u00a0\u00a0\u00a0\u00a0\u00a0 Krajky\u00a0Ze spodn\u00edho pr\u00e1dla pov\u00fd\u0161ily i na svrchn\u00ed \u010d\u00e1sti od\u011bvu, zejm\u00e9na tri\u010dka \u010di r\u016fzn\u00e1 body, kter\u00e1 jsou v\u00a0m\u00f3dn\u00edch obchodech st\u00e1le mezi \u017e\u00e1dan\u00fdm zbo\u017e\u00edm. \u0160aty se spodn\u00ed plnou vrstvou, p\u0159es kterou je pot\u00e9 p\u0159evle\u010dena samotn\u00e1 krajka, v plesov\u00fdch kousc\u00edch jednozna\u010dn\u011b vedou.\u00a010.\u00a0 Boty se \u0161irok\u00fdmi podpatky\u00a0R\u016fzn\u00fdch barev a tvar\u016f. Zejm\u00e9na otev\u0159en\u00e9 plastov\u00e9 lodi\u010dky bodovaly v\u00a0obchodech u\u017e na ja\u0159e, kdy se skv\u011ble dopl\u0148ovaly s\u00a0dlouh\u00fdmi boh\u00e9msk\u00fdmi \u0161aty. V\u00a0l\u00e9t\u011b zase ladily ke kulat\u00fdm cross body kabelk\u00e1m. N\u00e1vrat retra se tentokr\u00e1t opravdu povedl!                                                                                                                                                                                                                                                                                                                                                                                                "},{"@context":"https:\/\/schema.org\/","@type":"BreadcrumbList","itemListElement":[{"@type":"ListItem","position":1,"name":"Ohl\u00e9dnut\u00ed za trendy roku 2019","item":"https:\/\/www.awebio.cz\/ohlednuti-za-trendy-roku-2019\/#breadcrumbitem"}]}]