[{"@context":"https:\/\/schema.org\/","@type":"Article","@id":"https:\/\/www.awebio.cz\/proc-je-pro-nas-moda-tak-dulezita\/#Article","mainEntityOfPage":"https:\/\/www.awebio.cz\/proc-je-pro-nas-moda-tak-dulezita\/","headline":"Pro\u010d je pro n\u00e1s m\u00f3da tak d\u016fle\u017eit\u00e1","name":"Pro\u010d je pro n\u00e1s m\u00f3da tak d\u016fle\u017eit\u00e1","description":"Lid\u00e9 cht\u011bj\u00ed chodit co nejl\u00e9pe obl\u00e9kan\u00ed ji\u017e od po\u010d\u00e1tku civilizace. Ji\u017e tehdy bylo oble\u010den\u00ed mimo jin\u00e9 jedn\u00edm ze symbol\u016f spole\u010densk\u00e9ho postaven\u00ed a bohatstv\u00ed. To p\u0159etrvalo a\u017e do dne\u0161n\u00edch dn\u016f, i kdy\u017e podoba je dnes pon\u011bkud jin\u00e1.\u00a0Pravdou je, \u017ee m\u00f3du sleduj\u00ed p\u0159edev\u0161\u00edm \u017eeny. Ov\u0161em i mu\u017ei v\u00ed, \u017ee ur\u010dit\u00e9 spole\u010densk\u00e9 ud\u00e1losti vy\u017eaduj\u00ed ur\u010dit\u00fd typ oble\u010den\u00ed. Nap\u0159\u00edklad [&hellip;]","datePublished":"2023-02-03","dateModified":"2023-05-04","author":{"@type":"Person","@id":"https:\/\/www.awebio.cz\/author\/#Person","name":"","url":"https:\/\/www.awebio.cz\/author\/","identifier":1,"image":{"@type":"ImageObject","@id":"https:\/\/secure.gravatar.com\/avatar\/04053961f5a3d2af1f56d865c7fc774bb6a80b9754b2f4c57fa4f8cefa253bd4?s=96&d=mm&r=g","url":"https:\/\/secure.gravatar.com\/avatar\/04053961f5a3d2af1f56d865c7fc774bb6a80b9754b2f4c57fa4f8cefa253bd4?s=96&d=mm&r=g","height":96,"width":96}},"publisher":{"@type":"Organization","name":"awebio.cz","logo":{"@type":"ImageObject","@id":"\/logo.png","url":"\/logo.png","width":600,"height":60}},"image":{"@type":"ImageObject","@id":"https:\/\/www.awebio.cz\/wp-content\/uploads\/moda1_10_4.jpg","url":"https:\/\/www.awebio.cz\/wp-content\/uploads\/moda1_10_4.jpg","height":0,"width":0},"url":"https:\/\/www.awebio.cz\/proc-je-pro-nas-moda-tak-dulezita\/","about":["M\u00f3da"],"wordCount":449,"articleBody":"Lid\u00e9 cht\u011bj\u00ed chodit co nejl\u00e9pe obl\u00e9kan\u00ed ji\u017e od po\u010d\u00e1tku civilizace. Ji\u017e tehdy bylo oble\u010den\u00ed mimo jin\u00e9 jedn\u00edm ze symbol\u016f spole\u010densk\u00e9ho postaven\u00ed a bohatstv\u00ed. To p\u0159etrvalo a\u017e do dne\u0161n\u00edch dn\u016f, i kdy\u017e podoba je dnes pon\u011bkud jin\u00e1.\u00a0Pravdou je, \u017ee m\u00f3du sleduj\u00ed p\u0159edev\u0161\u00edm \u017eeny. Ov\u0161em i mu\u017ei v\u00ed, \u017ee ur\u010dit\u00e9 spole\u010densk\u00e9 ud\u00e1losti vy\u017eaduj\u00ed ur\u010dit\u00fd typ oble\u010den\u00ed. Nap\u0159\u00edklad na ples nep\u016fjdeme v\u00a0tepl\u00e1c\u00edch. Podobn\u011b je tomu nap\u0159\u00edklad i v\u00a0zam\u011bstn\u00e1n\u00ed, kdy se na jedn\u00e1n\u00ed s\u00a0obchodn\u00edmi partnery sna\u017e\u00edme ud\u011blat dobr\u00fd dojem mimo jin\u00e9 i t\u00edm, \u017ee se vhodn\u011b obl\u00e9kneme.\u00a0\u00a0Zde v\u0161ak nast\u00e1v\u00e1 ot\u00e1zka, pro\u010d byly tyto spole\u010densk\u00e9 konvence vlastn\u011b ustanoveny. Koneckonc\u016f, ze zdravotn\u00edho hlediska nen\u00ed \u017e\u00e1dn\u00fd d\u016fvod, pro\u010d bychom nemohli j\u00edt na n\u011bjakou slavnostn\u00ed p\u0159\u00edle\u017eitost oble\u010deni tak, jak se n\u00e1m l\u00edb\u00ed. Naopak se tak \u010dasto c\u00edt\u00edme pohodln\u011bji, d\u00edky \u010demu\u017e se l\u00e9pe uvoln\u00edme a celou akci si l\u00e9pe u\u017eijeme. Pro\u010d se tedy sna\u017e\u00edme narvat do mnohdy nepohodln\u00fdch oblek\u016f?\u00a0D\u016fvodem je, \u017ee se t\u00edm vyjad\u0159uje respekt. \u0158\u00edk\u00e1me t\u00edm, \u017ee si v\u00e1\u017e\u00edme p\u0159\u00edle\u017eitosti zde b\u00fdt, a \u017ee ji nebereme na lehkou v\u00e1hu. To je celkem d\u016fle\u017eit\u00e1 zpr\u00e1va, kterou je rozhodn\u011b dobr\u00e9, by\u0165 podv\u011bdom\u011b, vys\u00edlat. V\u011bt\u0161ina z\u00a0n\u00e1s si to samoz\u0159ejm\u011b neuv\u011bdomuje a d\u011bl\u00e1 to jen proto, aby se nestali ter\u010dem pohled\u016f a p\u0159\u00edpadn\u011b i posm\u011bchu ostatn\u00edch, av\u0161ak t\u00edm p\u016fvodn\u00edm d\u016fvodem je pr\u00e1v\u011b prok\u00e1z\u00e1n\u00ed respektu.\u00a0\u00a0To souvis\u00ed s\u00a0t\u00edm, \u017ee, jak ji\u017e bylo \u0159e\u010deno, oble\u010den\u00ed bylo ji\u017e oded\u00e1vna jedn\u00edm ze symbol\u016f spole\u010densk\u00e9ho statusu a postaven\u00ed. A pr\u00e1v\u011b na m\u00edstech, kde potk\u00e1me hodn\u011b v\u00e1\u017een\u00fdch lid\u00ed, jej chceme d\u00e1t na odiv. \u010c\u00edm l\u00e9pe budeme oble\u010deni, t\u00edm l\u00e9pe o n\u00e1s ostatn\u00ed budou sm\u00fd\u0161let. A rozhodn\u011b nen\u00ed pochyb o tom, \u017ee se to m\u016f\u017ee jen hodit.\u00a0V\u00a0z\u00e1sad\u011b tedy chceme jak prok\u00e1zat respekt hostiteli \u010di druh\u00e9 stran\u011b, tak se chceme uk\u00e1zat v\u00a0tom nejlep\u0161\u00edm sv\u011btle. Oboj\u00ed n\u00e1m toti\u017e zvy\u0161uje \u0161ance na \u00fasp\u011bch, co\u017e rozhodn\u011b ka\u017ed\u00fd z\u00a0n\u00e1s chce. Proto se tak\u00e9 stalo no\u0161en\u00ed vhodn\u00fdch od\u011bv\u016f pro danou p\u0159\u00edle\u017eitost standardem. Je to toti\u017e p\u0159\u00edle\u017eitost, kterou si nikdo nechce nechat uj\u00edt.                                                                                                                                                                                                                                                                                                                                                                                                "},{"@context":"https:\/\/schema.org\/","@type":"BreadcrumbList","itemListElement":[{"@type":"ListItem","position":1,"name":"Pro\u010d je pro n\u00e1s m\u00f3da tak d\u016fle\u017eit\u00e1","item":"https:\/\/www.awebio.cz\/proc-je-pro-nas-moda-tak-dulezita\/#breadcrumbitem"}]}]