[{"@context":"https:\/\/schema.org\/","@type":"Article","@id":"https:\/\/www.awebio.cz\/uklidova-spolecnost\/#Article","mainEntityOfPage":"https:\/\/www.awebio.cz\/uklidova-spolecnost\/","headline":"\u00daklidov\u00e1 spole\u010dnost","name":"\u00daklidov\u00e1 spole\u010dnost","description":"\u00daklid m\u016f\u017ee v mnoha ohledech znep\u0159\u00edjemnit den, a to nejen proto, \u017ee trv\u00e1 dlouh\u00fd \u010das, ale ka\u017ed\u00fd si od \u00faklidu slibuje n\u011bco jin\u00e9ho. \u00daklid v kancel\u00e1\u0159\u00edch je tomu naprost\u00fdm p\u0159\u00edkladem. N\u011bkte\u0159\u00ed kolegov\u00e9 necht\u011bj\u00ed uklidit jejich pracovn\u00ed st\u016fl, n\u011bkte\u0159\u00ed ano a n\u011bkte\u0159\u00ed cht\u011bj\u00ed ukli\u010f pouze \u010d\u00e1st stolu. V\u0161echny tyto hloup\u00e9 v\u00fdmysly jsou zp\u016fsobeny t\u00edm, \u017ee ka\u017ed\u00fd [&hellip;]","datePublished":"2023-12-17","dateModified":"2024-01-17","author":{"@type":"Person","@id":"https:\/\/www.awebio.cz\/author\/#Person","name":"","url":"https:\/\/www.awebio.cz\/author\/","identifier":1,"image":{"@type":"ImageObject","@id":"https:\/\/secure.gravatar.com\/avatar\/04053961f5a3d2af1f56d865c7fc774bb6a80b9754b2f4c57fa4f8cefa253bd4?s=96&d=mm&r=g","url":"https:\/\/secure.gravatar.com\/avatar\/04053961f5a3d2af1f56d865c7fc774bb6a80b9754b2f4c57fa4f8cefa253bd4?s=96&d=mm&r=g","height":96,"width":96}},"publisher":{"@type":"Organization","name":"awebio.cz","logo":{"@type":"ImageObject","@id":"\/logo.png","url":"\/logo.png","width":600,"height":60}},"image":{"@type":"ImageObject","@id":"https:\/\/www.awebio.cz\/wp-content\/uploads\/N%C3%A1vrh%20bez%20n%C3%A1zvu%20(17)_2.png","url":"https:\/\/www.awebio.cz\/wp-content\/uploads\/N%C3%A1vrh%20bez%20n%C3%A1zvu%20(17)_2.png","height":0,"width":0},"url":"https:\/\/www.awebio.cz\/uklidova-spolecnost\/","about":["Firmy"],"wordCount":416,"articleBody":"       \u00daklid m\u016f\u017ee v mnoha ohledech znep\u0159\u00edjemnit den, a to nejen proto, \u017ee trv\u00e1 dlouh\u00fd \u010das, ale ka\u017ed\u00fd si od \u00faklidu slibuje n\u011bco jin\u00e9ho. \u00daklid v kancel\u00e1\u0159\u00edch je tomu naprost\u00fdm p\u0159\u00edkladem. N\u011bkte\u0159\u00ed kolegov\u00e9 necht\u011bj\u00ed uklidit jejich pracovn\u00ed st\u016fl, n\u011bkte\u0159\u00ed ano a n\u011bkte\u0159\u00ed cht\u011bj\u00ed ukli\u010f pouze \u010d\u00e1st stolu. V\u0161echny tyto hloup\u00e9 v\u00fdmysly jsou zp\u016fsobeny t\u00edm, \u017ee ka\u017ed\u00fd m\u00e1 na sv\u00e9m stole n\u011bjak\u00e9 uspo\u0159\u00e1dan\u00ed a nechce ho m\u011bnit. Ov\u0161em ani jeden z lid\u00ed z kancel\u00e1\u0159e v\u0161ak nechce ukl\u00edzet za sv\u00e9 kolegy a vznikaj\u00ed tak neust\u00e1l\u00e9 h\u00e1dky. Pokud i vy m\u00e1te dost toho, jak se h\u00e1d\u00e1te ohledn\u011b \u00faklidu, tak nev\u00e1hejte a oslovte firmu \u00faklid kancel\u00e1\u0159\u00ed Praha 1.Tato \u00faklidov\u00e1 firma m\u00e1 velk\u00e9 zku\u0161enosti, a to nejen s \u00faklidem firem a kancel\u00e1\u0159, ale tak\u00e9 s \u00faklidem SVJ a dom\u00e1cnost\u00ed. D\u00edky jejich dlouholet\u00fdm zku\u0161enostem se dokonale vyznaj\u00ed v \u00faklidu a v\u011bd\u00ed, co k dan\u00e9mu \u00faklidu pat\u0159\u00ed. Samoz\u0159ejmost\u00ed je, \u017ee se s firmou d\u00e1 domluvit na to, co chcete ukl\u00edzet a kdy by m\u011bl \u00faklid prob\u00edhat. Domluvit se m\u016f\u017eete na jednor\u00e1zov\u00e9m \u00faklidu i na dlouhodob\u00e9 spolupr\u00e1ci. \u00daklidov\u00fd den si m\u016f\u017eete vybrat podle sebe, a to klidn\u011b tak, aby nebyl neru\u0161en chod firmy. Ne ka\u017ed\u00e1 firma toti\u017e chce, aby b\u011bhem provozu n\u011bkdo ukl\u00edzel prostory firmy.Do \u00faklidu firmy samoz\u0159ejm\u011b pat\u0159\u00ed klasick\u00e9 vys\u00e1v\u00e1n\u00ed, umyt\u00ed podlah, \u00faklid soci\u00e1ln\u00edch za\u0159\u00edzen\u00ed a tak\u00e9 vynesen\u00ed ko\u0161\u016f. D\u00e1le z\u00e1le\u017e\u00ed jen na v\u00e1s, co chcete nav\u00edc ukl\u00edzet nebo na \u010dem se s firmou domluv\u00edte. Mezi dal\u0161\u00ed slu\u017eby nab\u00edz\u00ed i pran\u00ed ru\u010dn\u00edk\u016f a ut\u011brek. To je v\u0161ak pouze na v\u00e1s, zda tuto slu\u017ebu tak\u00e9 chcete, \u010di nikoliv. P\u0159i \u00faklidu mus\u00edte myslet na to, \u017ee se jedn\u00e1 o \u010dinnost, kterou nechce jen tak n\u011bkdo d\u011blat. Nav\u00edc, pr\u00e1v\u011b ukl\u00edze\u010di a ukl\u00edze\u010dky pat\u0159\u00ed mezi m\u00e1lo dostupn\u00e9 a je tak pot\u0159eba si je p\u0159ech\u00e1zet. Na str\u00e1nk\u00e1ch t\u00e9to firmy se m\u016f\u017eete pod\u00edvat na to, jak firma funguje a jakou pr\u00e1ci m\u00e1 ji\u017e za sebou. Pot\u00e9 se m\u016f\u017eete pod\u00edvat, na jakou \u010d\u00e1stku v\u00e1m \u00faklid vyjde a zda si ho m\u016f\u017eete dovolit.                                                                                                                                                                                                                                                                                                                                                                                                  "},{"@context":"https:\/\/schema.org\/","@type":"BreadcrumbList","itemListElement":[{"@type":"ListItem","position":1,"name":"\u00daklidov\u00e1 spole\u010dnost","item":"https:\/\/www.awebio.cz\/uklidova-spolecnost\/#breadcrumbitem"}]}]