[{"@context":"https:\/\/schema.org\/","@type":"Article","@id":"https:\/\/www.awebio.cz\/v-cem-se-chcete-vdavat\/#Article","mainEntityOfPage":"https:\/\/www.awebio.cz\/v-cem-se-chcete-vdavat\/","headline":"V \u010dem se chcete vd\u00e1vat?","name":"V \u010dem se chcete vd\u00e1vat?","description":"N\u011bkter\u00e9 \u017eeny sn\u00ed o sv\u00e9m svatebn\u00edm dni u\u017e od d\u011btsk\u00fdch let. Tato p\u0159edstava je nepustila ani b\u011bhem \u017eivota v dosp\u011blosti, a tak p\u0159esn\u011b v\u00ed jak bude jejich svatba vypadat. Pokud v\u00e1s \u010dek\u00e1 pl\u00e1nov\u00e1n\u00ed svatby, ur\u010dit\u011b je dobr\u00e9 si ud\u011blat seznam, abyste na nic nezapomn\u011bla. Jednou z prvn\u00edch v\u011bc\u00ed je v\u00fdb\u011br svatebn\u00edho m\u00edsta a data, proto\u017ee [&hellip;]","datePublished":"2023-05-27","dateModified":"2023-06-27","author":{"@type":"Person","@id":"https:\/\/www.awebio.cz\/author\/#Person","name":"","url":"https:\/\/www.awebio.cz\/author\/","identifier":1,"image":{"@type":"ImageObject","@id":"https:\/\/secure.gravatar.com\/avatar\/04053961f5a3d2af1f56d865c7fc774bb6a80b9754b2f4c57fa4f8cefa253bd4?s=96&d=mm&r=g","url":"https:\/\/secure.gravatar.com\/avatar\/04053961f5a3d2af1f56d865c7fc774bb6a80b9754b2f4c57fa4f8cefa253bd4?s=96&d=mm&r=g","height":96,"width":96}},"publisher":{"@type":"Organization","name":"awebio.cz","logo":{"@type":"ImageObject","@id":"\/logo.png","url":"\/logo.png","width":600,"height":60}},"image":{"@type":"ImageObject","@id":"https:\/\/www.awebio.cz\/wp-content\/uploads\/wedding-dress-1486260_640_10_10_1.jpg","url":"https:\/\/www.awebio.cz\/wp-content\/uploads\/wedding-dress-1486260_640_10_10_1.jpg","height":0,"width":0},"url":"https:\/\/www.awebio.cz\/v-cem-se-chcete-vdavat\/","about":["Produkty"],"wordCount":453,"articleBody":"   N\u011bkter\u00e9 \u017eeny sn\u00ed o sv\u00e9m svatebn\u00edm dni u\u017e od d\u011btsk\u00fdch let. Tato p\u0159edstava je nepustila ani b\u011bhem \u017eivota v dosp\u011blosti, a tak p\u0159esn\u011b v\u00ed jak bude jejich svatba vypadat. Pokud v\u00e1s \u010dek\u00e1 pl\u00e1nov\u00e1n\u00ed svatby, ur\u010dit\u011b je dobr\u00e9 si ud\u011blat seznam, abyste na nic nezapomn\u011bla. Jednou z prvn\u00edch v\u011bc\u00ed je v\u00fdb\u011br svatebn\u00edho m\u00edsta a data, proto\u017ee od toho se v\u0161echno odv\u00edj\u00ed.V\u00fdb\u011br svatebn\u00edch \u0161at\u016f by nev\u011bsty rozhodn\u011b nem\u011bly nech\u00e1vat na posledn\u00ed chv\u00edli. Z\u00e1le\u017e\u00ed na tom, jestli chcete jet i do vzd\u00e1len\u011bj\u0161\u00edch m\u011bst, nebo jste odk\u00e1zan\u00e1 na salon v m\u011bst\u011b kde \u017eijete. Nen\u00ed ni\u010d\u00edm v\u00fdjime\u010dn\u00fdm, \u017ee nev\u011bsty se vyd\u00e1vaj\u00ed sh\u00e1n\u011bt ty dokonal\u00e9 \u0161aty i p\u0159es celou republiku. Nen\u00ed d\u016fle\u017eit\u00e9 jen vid\u011bt hodn\u011b \u0161at\u016f, ale je d\u016fle\u017eit\u00e9, aby v\u00e1m salon nab\u00eddl i p\u0159\u00edjemn\u00fd a zku\u0161en\u00fd person\u00e1l.Vid\u00edte se v krajkov\u00fdch \u0161atech? Nebo jste sp\u00ed\u0161e typ na rozvern\u00e9 \u0161ati\u010dky ke kolen\u016fm? L\u00e1k\u00e1 v\u00e1s naopak honosn\u00e1 r\u00f3ba? To v\u0161e ale i dal\u0161\u00ed luxusn\u00ed svatebn\u00ed \u0161aty najdete v salonu Zoryana Stekhnovych, kde v\u00e1s \u010dek\u00e1 nejen n\u011bkolik des\u00edtek \u0161at\u016f na v\u00fdb\u011br, ale i zku\u0161en\u00fd person\u00e1l, kter\u00fd v\u00e1m v\u017edy porad\u00ed. D\u016fle\u017eit\u00e9 je v\u011bd\u011bt zda si budete \u0161aty p\u016fj\u010dovat a nebo kupovat. V obou p\u0159\u00edpadech je ale nutn\u00e9 za\u010d\u00edt je sh\u00e1n\u011bt zav\u010das, proto\u017ee u kupovan\u00fdch \u0161at\u016f je mo\u017en\u00e9 je upravit p\u0159\u00edmo na va\u0161e m\u00edry, co\u017e m\u016f\u017ee zabrat i n\u011bkolik t\u00fddn\u016f podle vyt\u00ed\u017eenosti salonu, a u vyp\u016fj\u010den\u00fdch je pot\u0159eba naj\u00edt \u0161aty, kter\u00e9 v\u00e1m padnou dokonale samy o sob\u011b, proto\u017ee je nen\u00ed mo\u017en\u00e9 upravit.Na posledn\u00ed chv\u00edli \u0161aty se\u017eene m\u00e1lokdo B\u011bhem jara a l\u00e9ta prob\u00edh\u00e1 nejv\u00edce svateb, a tomu odpov\u00edd\u00e1 i vyt\u00ed\u017eenost svatebn\u00edch salon\u016f. I proto je d\u016fle\u017eit\u00e9 za\u010d\u00edt s hled\u00e1n\u00edm t\u011bch prav\u00fdch \u0161at\u016f v\u010das. Je toti\u017e mo\u017en\u00e9 \u017ee v\u00e1mi vysn\u011bn\u00e9 \u0161aty bude m\u00edt v dan\u00fd term\u00edn vyp\u016fj\u010den\u00e9 jin\u00e1 nev\u011bsta. Neponechejte nic n\u00e1hod\u011b a vyberte si svoje \u0161aty klidn\u011b rok p\u0159edem, a\u0165 m\u00e1te jistotu, \u017ee budou na v\u00e1\u0161 velk\u00fd den jen a jen va\u0161e. Jedin\u011b tak se vyhnete zklam\u00e1n\u00ed z toho, \u017ee va\u0161e vysn\u011bn\u00e9 m\u00edt nebudete.                                                                                                                                                                                                                                                                                                                                                                                                  "},{"@context":"https:\/\/schema.org\/","@type":"BreadcrumbList","itemListElement":[{"@type":"ListItem","position":1,"name":"V \u010dem se chcete vd\u00e1vat?","item":"https:\/\/www.awebio.cz\/v-cem-se-chcete-vdavat\/#breadcrumbitem"}]}]