[{"@context":"https:\/\/schema.org\/","@type":"Article","@id":"https:\/\/www.awebio.cz\/zkraslete-vas-osobni-automobil\/#Article","mainEntityOfPage":"https:\/\/www.awebio.cz\/zkraslete-vas-osobni-automobil\/","headline":"Zkr\u00e1\u0161lete V\u00e1s osobn\u00ed automobil","name":"Zkr\u00e1\u0161lete V\u00e1s osobn\u00ed automobil","description":"Pro mnoho lid\u00ed je osobn\u00ed automobil pouze v\u011bc, kter\u00e1 jim m\u00e1 slou\u017eit. Jsou ov\u0161em i takov\u00ed jedinci, kte\u0159\u00ed berou auto jako srde\u010dn\u00ed z\u00e1le\u017eitost, a proto mu dop\u0159\u00e1vaj\u00ed opravdu skv\u011blou p\u00e9\u010di. A takov\u00e1 p\u00e9\u010de nen\u00ed pouze o pravideln\u00e9m um\u00fdv\u00e1n\u00ed, ale tak\u00e9 o kontrol\u00e1ch technick\u00e9ho stavu a decentn\u00edch \u00faprav\u00e1ch vzhledu. Pokud tedy hled\u00e1te n\u011bkoho, kdo by V\u00e1m [&hellip;]","datePublished":"2023-12-26","dateModified":"2023-12-26","author":{"@type":"Person","@id":"https:\/\/www.awebio.cz\/author\/#Person","name":"","url":"https:\/\/www.awebio.cz\/author\/","identifier":1,"image":{"@type":"ImageObject","@id":"https:\/\/secure.gravatar.com\/avatar\/04053961f5a3d2af1f56d865c7fc774bb6a80b9754b2f4c57fa4f8cefa253bd4?s=96&d=mm&r=g","url":"https:\/\/secure.gravatar.com\/avatar\/04053961f5a3d2af1f56d865c7fc774bb6a80b9754b2f4c57fa4f8cefa253bd4?s=96&d=mm&r=g","height":96,"width":96}},"publisher":{"@type":"Organization","name":"awebio.cz","logo":{"@type":"ImageObject","@id":"\/logo.png","url":"\/logo.png","width":600,"height":60}},"url":"https:\/\/www.awebio.cz\/zkraslete-vas-osobni-automobil\/","wordCount":243,"articleBody":"Pro mnoho lid\u00ed je osobn\u00ed automobil pouze v\u011bc, kter\u00e1 jim m\u00e1 slou\u017eit. Jsou ov\u0161em i takov\u00ed jedinci, kte\u0159\u00ed berou auto jako srde\u010dn\u00ed z\u00e1le\u017eitost, a proto mu dop\u0159\u00e1vaj\u00ed opravdu skv\u011blou p\u00e9\u010di. A takov\u00e1 p\u00e9\u010de nen\u00ed pouze o pravideln\u00e9m um\u00fdv\u00e1n\u00ed, ale tak\u00e9 o kontrol\u00e1ch technick\u00e9ho stavu a decentn\u00edch \u00faprav\u00e1ch vzhledu. Pokud tedy hled\u00e1te n\u011bkoho, kdo by V\u00e1m poskytl n\u011bco opravdu zaj\u00edmav\u00e9ho pro Va\u0161e vozidlo, jsme tu pro V\u00e1s pr\u00e1v\u011b my. Sta\u010d\u00ed jen, kdy\u017e zav\u00edt\u00e1te do na\u0161\u00ed \u0161irok\u00e9 nab\u00eddky, a vyberte si z\u00a0n\u00ed n\u011bco, co se bude zamlouvat pr\u00e1v\u011b V\u00e1m.Z\u00a0na\u0161\u00ed \u0161irok\u00e9 nab\u00eddky si zajist\u00e9 vybereteUvid\u00edte, \u017ee naleznete opravdu velk\u00e9 mno\u017estv\u00ed v\u011bc\u00ed, kter\u00e9 se V\u00e1m budou jist\u011b zamlouvat. A pokud V\u00e1m m\u016f\u017eeme n\u011bco poradit pr\u00e1v\u011b my, v\u011b\u0159te tomu, \u017ee barva na kola se V\u00e1m bude rozhodn\u011b l\u00edbit. Jej\u00ed aplikace je velmi snadn\u00e1 a zvl\u00e1dne ji snad ka\u017ed\u00fd, ale i p\u0159es to vypad\u00e1 opravdu dob\u0159e a dok\u00e1\u017ee Va\u0161emu autu dodat ten spr\u00e1vn\u00fd \u0161mrnc, t\u00edm si m\u016f\u017eete b\u00fdt stoprocentn\u011b jist\u00ed. Pokud V\u00e1s tedy tato nab\u00eddky zaujala, zav\u00edtejte k\u00a0n\u00e1m a vyberte si ten spr\u00e1vn\u00fd odst\u00edn, kter\u00fd se bude hodit pr\u00e1v\u011b na Va\u0161e auto.                                                                                                                                                                                                                                                                                                                                                                                                "},{"@context":"https:\/\/schema.org\/","@type":"BreadcrumbList","itemListElement":[{"@type":"ListItem","position":1,"name":"Zkr\u00e1\u0161lete V\u00e1s osobn\u00ed automobil","item":"https:\/\/www.awebio.cz\/zkraslete-vas-osobni-automobil\/#breadcrumbitem"}]}]